{"id":9998,"date":"2020-10-29T03:18:27","date_gmt":"2020-10-29T02:18:27","guid":{"rendered":"https:\/\/rna.ao\/rna.ao\/?p=9998"},"modified":"2020-10-29T03:22:29","modified_gmt":"2020-10-29T02:22:29","slug":"autarquias-nao-deve-ser-elemento-de-divisao-domingos-simoes-pereira","status":"publish","type":"post","link":"https:\/\/rna.ao\/rna.ao\/2020\/10\/29\/autarquias-nao-deve-ser-elemento-de-divisao-domingos-simoes-pereira\/","title":{"rendered":"\u201cAutarquias n\u00e3o deve ser elemento de divis\u00e3o\u201d \u2013 Domingos Sim\u00f5es Pereira"},"content":{"rendered":"<p><img loading=\"lazy\" class=\"wp-image-10000 alignleft\" src=\"https:\/\/rna.ao\/rna.ao\/wp-content\/uploads\/2020\/10\/DOMINGOS-SIMOES-PEREIRA-1.jpg\" alt=\"\" width=\"388\" height=\"259\" \/><\/p>\n<p>O presidente do PAIGC, Domingos Sim\u00f5es Pereira, abordou quarta-feira, 28\/10, em Luanda, diversos assuntos com a vice-presidente do MPLA, Lu\u00edsa Dami\u00e3o.<\/p>\n<p>Dos v\u00e1rios assuntos abordados, destaque para o cap\u00edtulo das autarquias, processo que Angola e a Guin\u00e9-Bissau esperam implementar, para o fecho dos ciclos eleitorais.<\/p>\n<p>No final do encontro, Domingos Sim\u00f5es Pereira disse, \u00e0 imprensa, que, no caso angolano, o consenso entre os partidos pol\u00edticos vai ditar a data da sua convoca\u00e7\u00e3o e marca\u00e7\u00e3o. Clique no \u00e1udio, em baixo, e ou\u00e7a:<\/p>\n\t<div class=\"qtmplayer-playlist-large\">\n\t\t<ul class=\"qtmplayer-playlist\">\n\t\t\t\n\t\t\t\t\t<li class=\"qtmplayer-trackitem\">\n\t\t<img src=\"https:\/\/rna.ao\/rna.ao\/wp-content\/uploads\/2020\/10\/DOMINGOS-SIMOES-PEREIRA-1-1-100x100.jpg\" alt=\"cover\">\t\t<span \t\t\tdata-qtmplayer-cover=\"https:\/\/rna.ao\/rna.ao\/wp-content\/uploads\/2020\/10\/DOMINGOS-SIMOES-PEREIRA-1-1.jpg\"\n\t\t\t\t\t\tdata-qtmplayer-file=\"https:\/\/rna.ao\/rna.ao\/wp-content\/uploads\/2020\/10\/DOMINGOS-SIMOES-PEREIRA-1-MPLA.mp3\"\n\t\t\t\t\t\tdata-qtmplayer-title=\"\u201cAutarquias n\u00e3o deve ser elemento de divis\u00e3o\u201d \u2013 Domingos Sim\u00f5es Pereira\"\n\t\t\t\t\t\tdata-qtmplayer-artist=\"RNA\"\n\t\t\t\t\t\tdata-qtmplayer-link=\"https:\/\/rna.ao\/rna.ao\/2020\/10\/29\/autarquias-nao-deve-ser-elemento-de-divisao-domingos-simoes-pereira\/\"\n\t\t\t\t\t\tdata-qtmplayer-icon=\"file_download\"\n\t\t\t\t\t\tdata-qtmplayer-type=\"track\"\n\t\t\t class=\"qtmplayer-play qtmplayer-link-sec qtmplayer-play-btn\"><i class='material-icons'>play_arrow<\/i><\/span>\n\t\t<p>\n\t\t\t<span class=\"qtmplayer-tit\">\u201cAutarquias n\u00e3o deve ser elemento de divis\u00e3o\u201d \u2013 Domingos Sim\u00f5es Pereira<\/span>\n\t\t\t<span class=\"qtmplayer-art\">RNA<\/span>\n\t\t<\/p>\n\t<\/li>\n\t\t<\/ul>\n\t<\/div>\t\t\t\n\t\n<p>Fonte: RNA<\/p>\n","protected":false},"excerpt":{"rendered":"<p>O presidente do PAIGC, Domingos Sim\u00f5es Pereira, abordou quarta-feira, 28\/10, em Luanda, diversos assuntos com a vice-presidente do MPLA, Lu\u00edsa Dami\u00e3o. Dos v\u00e1rios assuntos abordados, destaque para o cap\u00edtulo das autarquias, processo que Angola e a Guin\u00e9-Bissau esperam implementar, para o fecho dos ciclos eleitorais. No final do encontro, Domingos ...<\/p>\n","protected":false},"author":8,"featured_media":10002,"comment_status":"closed","ping_status":"closed","sticky":false,"template":"","format":"standard","meta":[],"categories":[142,164],"tags":[],"_links":{"self":[{"href":"https:\/\/rna.ao\/rna.ao\/wp-json\/wp\/v2\/posts\/9998"}],"collection":[{"href":"https:\/\/rna.ao\/rna.ao\/wp-json\/wp\/v2\/posts"}],"about":[{"href":"https:\/\/rna.ao\/rna.ao\/wp-json\/wp\/v2\/types\/post"}],"author":[{"embeddable":true,"href":"https:\/\/rna.ao\/rna.ao\/wp-json\/wp\/v2\/users\/8"}],"replies":[{"embeddable":true,"href":"https:\/\/rna.ao\/rna.ao\/wp-json\/wp\/v2\/comments?post=9998"}],"version-history":[{"count":1,"href":"https:\/\/rna.ao\/rna.ao\/wp-json\/wp\/v2\/posts\/9998\/revisions"}],"predecessor-version":[{"id":10001,"href":"https:\/\/rna.ao\/rna.ao\/wp-json\/wp\/v2\/posts\/9998\/revisions\/10001"}],"wp:featuredmedia":[{"embeddable":true,"href":"https:\/\/rna.ao\/rna.ao\/wp-json\/wp\/v2\/media\/10002"}],"wp:attachment":[{"href":"https:\/\/rna.ao\/rna.ao\/wp-json\/wp\/v2\/media?parent=9998"}],"wp:term":[{"taxonomy":"category","embeddable":true,"href":"https:\/\/rna.ao\/rna.ao\/wp-json\/wp\/v2\/categories?post=9998"},{"taxonomy":"post_tag","embeddable":true,"href":"https:\/\/rna.ao\/rna.ao\/wp-json\/wp\/v2\/tags?post=9998"}],"curies":[{"name":"wp","href":"https:\/\/api.w.org\/{rel}","templated":true}]}}