{"id":9993,"date":"2020-10-29T03:02:45","date_gmt":"2020-10-29T02:02:45","guid":{"rendered":"https:\/\/rna.ao\/rna.ao\/?p=9993"},"modified":"2020-10-29T03:02:45","modified_gmt":"2020-10-29T02:02:45","slug":"nao-se-deixem-utilizar-vice-presidente-do-mpla","status":"publish","type":"post","link":"https:\/\/rna.ao\/rna.ao\/2020\/10\/29\/nao-se-deixem-utilizar-vice-presidente-do-mpla\/","title":{"rendered":"\u201cN\u00e3o se deixem utilizar\u201d &#8211; Vice-presidente do MPLA"},"content":{"rendered":"<p><img loading=\"lazy\" class=\"wp-image-9995 alignleft\" src=\"https:\/\/rna.ao\/rna.ao\/wp-content\/uploads\/2020\/10\/LUISA-DAMIAO.jpg\" alt=\"\" width=\"366\" height=\"244\" \/><\/p>\n<p>A vice-presidente do MPLA, Lu\u00edsa Dami\u00e3o, assegurou que a sua for\u00e7a pol\u00edtica, no poder em Angola, conta com todos os sectores p\u00fablicos, incluindo a juventude, na estrat\u00e9gia de consolida\u00e7\u00e3o do Estado de direito e democr\u00e1tico.<\/p>\n<p>Lu\u00edsa Dami\u00e3o assegurou tal facto quarta-feira, 28\/10, \u00e0 sa\u00edda do encontro que manteve com o l\u00edder do PAIGC da Guin\u00e9-Bissau, Domingos Sim\u00f5es Pereira, que est\u00e1 no nosso pa\u00eds em visita de trabalho.<\/p>\n<p>A vice-presidente do MPLA, que falava a prop\u00f3sito das manifesta\u00e7\u00f5es em Luanda, pediu aos promotores di\u00e1logo aberto com o Governo, que considera disposto a ouvir as preocupa\u00e7\u00f5es dos manifestantes.<\/p>\n<p>Entretanto, Lu\u00edsa Dami\u00e3o lembrou aos membros da sociedade civil, que h\u00e1, da parte de algumas for\u00e7as na oposi\u00e7\u00e3o, aproveitamento pol\u00edtico nesta situa\u00e7\u00e3o de manifesta\u00e7\u00f5es. Clique no \u00e1udio, em baixo, e ou\u00e7a:<\/p>\n\t<div class=\"qtmplayer-playlist-large\">\n\t\t<ul class=\"qtmplayer-playlist\">\n\t\t\t\n\t\t\t\t\t<li class=\"qtmplayer-trackitem\">\n\t\t<img src=\"https:\/\/rna.ao\/rna.ao\/wp-content\/uploads\/2020\/10\/LUISA-DAMIAO-1-100x100.jpg\" alt=\"cover\">\t\t<span \t\t\tdata-qtmplayer-cover=\"https:\/\/rna.ao\/rna.ao\/wp-content\/uploads\/2020\/10\/LUISA-DAMIAO-1.jpg\"\n\t\t\t\t\t\tdata-qtmplayer-file=\"https:\/\/rna.ao\/rna.ao\/wp-content\/uploads\/2020\/10\/LUISA-DAMIAO.mp3\"\n\t\t\t\t\t\tdata-qtmplayer-title=\"\u201cN\u00e3o se deixem utilizar\u201d &#8211; Vice-presidente do MPLA\"\n\t\t\t\t\t\tdata-qtmplayer-artist=\"RNA\"\n\t\t\t\t\t\tdata-qtmplayer-link=\"https:\/\/rna.ao\/rna.ao\/2020\/10\/29\/nao-se-deixem-utilizar-vice-presidente-do-mpla\/\"\n\t\t\t\t\t\tdata-qtmplayer-icon=\"file_download\"\n\t\t\t\t\t\tdata-qtmplayer-type=\"track\"\n\t\t\t class=\"qtmplayer-play qtmplayer-link-sec qtmplayer-play-btn\"><i class='material-icons'>play_arrow<\/i><\/span>\n\t\t<p>\n\t\t\t<span class=\"qtmplayer-tit\">\u201cN\u00e3o se deixem utilizar\u201d &#8211; Vice-presidente do MPLA<\/span>\n\t\t\t<span class=\"qtmplayer-art\">RNA<\/span>\n\t\t<\/p>\n\t<\/li>\n\t\t<\/ul>\n\t<\/div>\t\t\t\n\t\n<p>Fonte: RNA<\/p>\n","protected":false},"excerpt":{"rendered":"<p>A vice-presidente do MPLA, Lu\u00edsa Dami\u00e3o, assegurou que a sua for\u00e7a pol\u00edtica, no poder em Angola, conta com todos os sectores p\u00fablicos, incluindo a juventude, na estrat\u00e9gia de consolida\u00e7\u00e3o do Estado de direito e democr\u00e1tico. Lu\u00edsa Dami\u00e3o assegurou tal facto quarta-feira, 28\/10, \u00e0 sa\u00edda do encontro que manteve com o ...<\/p>\n","protected":false},"author":8,"featured_media":9996,"comment_status":"closed","ping_status":"closed","sticky":false,"template":"","format":"standard","meta":[],"categories":[142,164],"tags":[],"_links":{"self":[{"href":"https:\/\/rna.ao\/rna.ao\/wp-json\/wp\/v2\/posts\/9993"}],"collection":[{"href":"https:\/\/rna.ao\/rna.ao\/wp-json\/wp\/v2\/posts"}],"about":[{"href":"https:\/\/rna.ao\/rna.ao\/wp-json\/wp\/v2\/types\/post"}],"author":[{"embeddable":true,"href":"https:\/\/rna.ao\/rna.ao\/wp-json\/wp\/v2\/users\/8"}],"replies":[{"embeddable":true,"href":"https:\/\/rna.ao\/rna.ao\/wp-json\/wp\/v2\/comments?post=9993"}],"version-history":[{"count":1,"href":"https:\/\/rna.ao\/rna.ao\/wp-json\/wp\/v2\/posts\/9993\/revisions"}],"predecessor-version":[{"id":9997,"href":"https:\/\/rna.ao\/rna.ao\/wp-json\/wp\/v2\/posts\/9993\/revisions\/9997"}],"wp:featuredmedia":[{"embeddable":true,"href":"https:\/\/rna.ao\/rna.ao\/wp-json\/wp\/v2\/media\/9996"}],"wp:attachment":[{"href":"https:\/\/rna.ao\/rna.ao\/wp-json\/wp\/v2\/media?parent=9993"}],"wp:term":[{"taxonomy":"category","embeddable":true,"href":"https:\/\/rna.ao\/rna.ao\/wp-json\/wp\/v2\/categories?post=9993"},{"taxonomy":"post_tag","embeddable":true,"href":"https:\/\/rna.ao\/rna.ao\/wp-json\/wp\/v2\/tags?post=9993"}],"curies":[{"name":"wp","href":"https:\/\/api.w.org\/{rel}","templated":true}]}}