{"id":9990,"date":"2020-10-29T02:45:22","date_gmt":"2020-10-29T01:45:22","guid":{"rendered":"https:\/\/rna.ao\/rna.ao\/?p=9990"},"modified":"2020-10-29T02:45:22","modified_gmt":"2020-10-29T01:45:22","slug":"bengo-ambriz-abre-hoje-feira-de-produtos-do-campo","status":"publish","type":"post","link":"https:\/\/rna.ao\/rna.ao\/2020\/10\/29\/bengo-ambriz-abre-hoje-feira-de-produtos-do-campo\/","title":{"rendered":"Bengo: Ambriz abre hoje feira de produtos do campo"},"content":{"rendered":"<p><img loading=\"lazy\" class=\"wp-image-8388 alignleft\" src=\"https:\/\/rna.ao\/rna.ao\/wp-content\/uploads\/2020\/10\/frutas.jpg\" alt=\"\" width=\"357\" height=\"238\" \/><\/p>\n<p>O Munic\u00edpio do Ambriz, na Prov\u00edncia do Bengo, acolhe a partir desta quinta-feira, 29 de Outubro, uma feira de produtos do campo.<\/p>\n<p>Os expositores esperam, durante dois dias, fazer deste espa\u00e7o, momento para demonstra\u00e7\u00e3o das potencialidades agr\u00edcolas e piscat\u00f3ria do Munic\u00edpio. Clique no \u00e1udio, em baixo, e saiba mais na reportagem:<\/p>\n\t<div class=\"qtmplayer-playlist-large\">\n\t\t<ul class=\"qtmplayer-playlist\">\n\t\t\t\n\t\t\t\t\t<li class=\"qtmplayer-trackitem\">\n\t\t<img src=\"https:\/\/rna.ao\/rna.ao\/wp-content\/uploads\/2020\/10\/frutas-100x100.jpg\" alt=\"cover\">\t\t<span \t\t\tdata-qtmplayer-cover=\"https:\/\/rna.ao\/rna.ao\/wp-content\/uploads\/2020\/10\/frutas-370x370.jpg\"\n\t\t\t\t\t\tdata-qtmplayer-file=\"https:\/\/rna.ao\/rna.ao\/wp-content\/uploads\/2020\/10\/EDUARDO-MOTA.mp3\"\n\t\t\t\t\t\tdata-qtmplayer-title=\"Bengo: Ambriz abre hoje feira de produtos do campo\"\n\t\t\t\t\t\tdata-qtmplayer-artist=\"RNA\"\n\t\t\t\t\t\tdata-qtmplayer-link=\"https:\/\/rna.ao\/rna.ao\/2020\/10\/29\/bengo-ambriz-abre-hoje-feira-de-produtos-do-campo\/\"\n\t\t\t\t\t\tdata-qtmplayer-icon=\"file_download\"\n\t\t\t\t\t\tdata-qtmplayer-type=\"track\"\n\t\t\t class=\"qtmplayer-play qtmplayer-link-sec qtmplayer-play-btn\"><i class='material-icons'>play_arrow<\/i><\/span>\n\t\t<p>\n\t\t\t<span class=\"qtmplayer-tit\">Bengo: Ambriz abre hoje feira de produtos do campo<\/span>\n\t\t\t<span class=\"qtmplayer-art\">RNA<\/span>\n\t\t<\/p>\n\t<\/li>\n\t\t<\/ul>\n\t<\/div>\t\t\t\n\t\n<p>Fonte: RNA \u2013 Jornalista Eduardo Mota<\/p>\n","protected":false},"excerpt":{"rendered":"<p>O Munic\u00edpio do Ambriz, na Prov\u00edncia do Bengo, acolhe a partir desta quinta-feira, 29 de Outubro, uma feira de produtos do campo. Os expositores esperam, durante dois dias, fazer deste espa\u00e7o, momento para demonstra\u00e7\u00e3o das potencialidades agr\u00edcolas e piscat\u00f3ria do Munic\u00edpio. Clique no \u00e1udio, em baixo, e saiba mais na ...<\/p>\n","protected":false},"author":8,"featured_media":8388,"comment_status":"closed","ping_status":"closed","sticky":false,"template":"","format":"standard","meta":[],"categories":[142,164],"tags":[],"_links":{"self":[{"href":"https:\/\/rna.ao\/rna.ao\/wp-json\/wp\/v2\/posts\/9990"}],"collection":[{"href":"https:\/\/rna.ao\/rna.ao\/wp-json\/wp\/v2\/posts"}],"about":[{"href":"https:\/\/rna.ao\/rna.ao\/wp-json\/wp\/v2\/types\/post"}],"author":[{"embeddable":true,"href":"https:\/\/rna.ao\/rna.ao\/wp-json\/wp\/v2\/users\/8"}],"replies":[{"embeddable":true,"href":"https:\/\/rna.ao\/rna.ao\/wp-json\/wp\/v2\/comments?post=9990"}],"version-history":[{"count":1,"href":"https:\/\/rna.ao\/rna.ao\/wp-json\/wp\/v2\/posts\/9990\/revisions"}],"predecessor-version":[{"id":9992,"href":"https:\/\/rna.ao\/rna.ao\/wp-json\/wp\/v2\/posts\/9990\/revisions\/9992"}],"wp:featuredmedia":[{"embeddable":true,"href":"https:\/\/rna.ao\/rna.ao\/wp-json\/wp\/v2\/media\/8388"}],"wp:attachment":[{"href":"https:\/\/rna.ao\/rna.ao\/wp-json\/wp\/v2\/media?parent=9990"}],"wp:term":[{"taxonomy":"category","embeddable":true,"href":"https:\/\/rna.ao\/rna.ao\/wp-json\/wp\/v2\/categories?post=9990"},{"taxonomy":"post_tag","embeddable":true,"href":"https:\/\/rna.ao\/rna.ao\/wp-json\/wp\/v2\/tags?post=9990"}],"curies":[{"name":"wp","href":"https:\/\/api.w.org\/{rel}","templated":true}]}}