{"id":9984,"date":"2020-10-29T02:36:22","date_gmt":"2020-10-29T01:36:22","guid":{"rendered":"https:\/\/rna.ao\/rna.ao\/?p=9984"},"modified":"2020-10-29T02:36:22","modified_gmt":"2020-10-29T01:36:22","slug":"governo-angolano-e-fao-dao-expressao-ao-projecto-agroprodesi-voltado-a-geracao-de-empregos","status":"publish","type":"post","link":"https:\/\/rna.ao\/rna.ao\/2020\/10\/29\/governo-angolano-e-fao-dao-expressao-ao-projecto-agroprodesi-voltado-a-geracao-de-empregos\/","title":{"rendered":"Governo angolano e FAO d\u00e3o express\u00e3o ao projecto AgroProdesi voltado \u00e0 gera\u00e7\u00e3o de empregos"},"content":{"rendered":"<p><img loading=\"lazy\" class=\"wp-image-9986 alignleft\" src=\"https:\/\/rna.ao\/rna.ao\/wp-content\/uploads\/2020\/10\/charua-agro-negocio-770x512.jpg\" alt=\"\" width=\"342\" height=\"227\" srcset=\"https:\/\/rna.ao\/rna.ao\/wp-content\/uploads\/2020\/10\/charua-agro-negocio-770x512.jpg 770w, https:\/\/rna.ao\/rna.ao\/wp-content\/uploads\/2020\/10\/charua-agro-negocio-768x511.jpg 768w, https:\/\/rna.ao\/rna.ao\/wp-content\/uploads\/2020\/10\/charua-agro-negocio.jpg 900w\" sizes=\"(max-width: 342px) 100vw, 342px\" \/><\/p>\n<p>O Governo angolano e a FAO assinaram quarta-feira, 28 de Outubro, em Luanda, um acordo de parceria para a implementa\u00e7\u00e3o do projecto AgroProdesi, voltado \u00e0 gera\u00e7\u00e3o de empregos em Angola.<\/p>\n<p>O projecto, ligado \u00e0 produ\u00e7\u00e3o agro-alimentar em Angola vai, para al\u00e9m de envolver departamentos ministeriais, do sector produtivo, engajar tamb\u00e9m a academia angolana.<\/p>\n<p>Um milh\u00e3o e setecentos e vinte mil d\u00f3lares, \u00e9 o valor do projecto, num financiamento do BAD. Clique no \u00e1udio, em baixo, e saiba mais na reportagem:<\/p>\n\t<div class=\"qtmplayer-playlist-large\">\n\t\t<ul class=\"qtmplayer-playlist\">\n\t\t\t\n\t\t\t\t\t<li class=\"qtmplayer-trackitem\">\n\t\t<img src=\"https:\/\/rna.ao\/rna.ao\/wp-content\/uploads\/2020\/10\/Charrua-campo-100x100.jpg\" alt=\"cover\">\t\t<span \t\t\tdata-qtmplayer-cover=\"https:\/\/rna.ao\/rna.ao\/wp-content\/uploads\/2020\/10\/Charrua-campo.jpg\"\n\t\t\t\t\t\tdata-qtmplayer-file=\"https:\/\/rna.ao\/rna.ao\/wp-content\/uploads\/2020\/10\/JOAO-JOAQUIM.mp3\"\n\t\t\t\t\t\tdata-qtmplayer-title=\"Governo angolano e FAO d\u00e3o express\u00e3o ao projecto AgroProdesi voltado \u00e0 gera\u00e7\u00e3o de empregos\"\n\t\t\t\t\t\tdata-qtmplayer-artist=\"RNA\"\n\t\t\t\t\t\tdata-qtmplayer-link=\"https:\/\/rna.ao\/rna.ao\/2020\/10\/29\/governo-angolano-e-fao-dao-expressao-ao-projecto-agroprodesi-voltado-a-geracao-de-empregos\/\"\n\t\t\t\t\t\tdata-qtmplayer-icon=\"file_download\"\n\t\t\t\t\t\tdata-qtmplayer-type=\"track\"\n\t\t\t class=\"qtmplayer-play qtmplayer-link-sec qtmplayer-play-btn\"><i class='material-icons'>play_arrow<\/i><\/span>\n\t\t<p>\n\t\t\t<span class=\"qtmplayer-tit\">Governo angolano e FAO d\u00e3o express\u00e3o ao projecto AgroProdesi voltado \u00e0 gera\u00e7\u00e3o de empregos<\/span>\n\t\t\t<span class=\"qtmplayer-art\">RNA<\/span>\n\t\t<\/p>\n\t<\/li>\n\t\t<\/ul>\n\t<\/div>\t\t\t\n\t\n<p>Fonte: RNA \u2013 Jornalista Jo\u00e3o Joaquim<\/p>\n","protected":false},"excerpt":{"rendered":"<p>O Governo angolano e a FAO assinaram quarta-feira, 28 de Outubro, em Luanda, um acordo de parceria para a implementa\u00e7\u00e3o do projecto AgroProdesi, voltado \u00e0 gera\u00e7\u00e3o de empregos em Angola. O projecto, ligado \u00e0 produ\u00e7\u00e3o agro-alimentar em Angola vai, para al\u00e9m de envolver departamentos ministeriais, do sector produtivo, engajar tamb\u00e9m ...<\/p>\n","protected":false},"author":8,"featured_media":9987,"comment_status":"closed","ping_status":"closed","sticky":false,"template":"","format":"standard","meta":[],"categories":[142,164],"tags":[],"_links":{"self":[{"href":"https:\/\/rna.ao\/rna.ao\/wp-json\/wp\/v2\/posts\/9984"}],"collection":[{"href":"https:\/\/rna.ao\/rna.ao\/wp-json\/wp\/v2\/posts"}],"about":[{"href":"https:\/\/rna.ao\/rna.ao\/wp-json\/wp\/v2\/types\/post"}],"author":[{"embeddable":true,"href":"https:\/\/rna.ao\/rna.ao\/wp-json\/wp\/v2\/users\/8"}],"replies":[{"embeddable":true,"href":"https:\/\/rna.ao\/rna.ao\/wp-json\/wp\/v2\/comments?post=9984"}],"version-history":[{"count":1,"href":"https:\/\/rna.ao\/rna.ao\/wp-json\/wp\/v2\/posts\/9984\/revisions"}],"predecessor-version":[{"id":9988,"href":"https:\/\/rna.ao\/rna.ao\/wp-json\/wp\/v2\/posts\/9984\/revisions\/9988"}],"wp:featuredmedia":[{"embeddable":true,"href":"https:\/\/rna.ao\/rna.ao\/wp-json\/wp\/v2\/media\/9987"}],"wp:attachment":[{"href":"https:\/\/rna.ao\/rna.ao\/wp-json\/wp\/v2\/media?parent=9984"}],"wp:term":[{"taxonomy":"category","embeddable":true,"href":"https:\/\/rna.ao\/rna.ao\/wp-json\/wp\/v2\/categories?post=9984"},{"taxonomy":"post_tag","embeddable":true,"href":"https:\/\/rna.ao\/rna.ao\/wp-json\/wp\/v2\/tags?post=9984"}],"curies":[{"name":"wp","href":"https:\/\/api.w.org\/{rel}","templated":true}]}}