{"id":99775,"date":"2023-04-14T06:08:35","date_gmt":"2023-04-14T05:08:35","guid":{"rendered":"https:\/\/rna.ao\/rna.ao\/?p=99775"},"modified":"2023-04-14T06:08:35","modified_gmt":"2023-04-14T05:08:35","slug":"radar-economico-bancos-internacionais-manifestaram-em-washington-intencao-de-operar-no-mercado-bancario-angolano","status":"publish","type":"post","link":"https:\/\/rna.ao\/rna.ao\/2023\/04\/14\/radar-economico-bancos-internacionais-manifestaram-em-washington-intencao-de-operar-no-mercado-bancario-angolano\/","title":{"rendered":"RADAR ECON\u00d3MICO: Bancos Internacionais manifestaram, em Washington, inten\u00e7\u00e3o de operar no mercado banc\u00e1rio angolano"},"content":{"rendered":"<p><img loading=\"lazy\" class=\"size-full wp-image-30272 alignleft\" src=\"https:\/\/rna.ao\/rna.ao\/wp-content\/uploads\/2021\/07\/RADAR-ECONOMICO-MELHOR.jpg\" alt=\"\" width=\"188\" height=\"101\" \/>O Jornal de Economia da R\u00e1dio Nacional de Angola desta sexta-feira, 14 de Abril, destaca que \u201cbancos internacionais manifestaram em Washington, Estados Unidos da Am\u00e9rica, a inten\u00e7\u00e3o de operar no mercado banc\u00e1rio angolano. A inten\u00e7\u00e3o foi manifestada por investidores ao Governador do BNA e aos Ministros das Finan\u00e7as, Economia e Planeamento, que participam nas reuni\u00f5es de Primavera do Banco Mundial e do FMI, que decorre at\u00e9 dia 16 de Abril\u201d. Clique, no \u00e1udio abaixo, e ou\u00e7a esta e outras not\u00edcias na voz do jornalista Airton Kenha:<\/p>\n\t<div class=\"qtmplayer-playlist-large\">\n\t\t<ul class=\"qtmplayer-playlist\">\n\t\t\t\n\t\t\t\t\t<li class=\"qtmplayer-trackitem\">\n\t\t<img src=\"https:\/\/rna.ao\/rna.ao\/wp-content\/uploads\/2021\/07\/RADAR-ECONOMICO-MELHOR-100x100.jpg\" alt=\"cover\">\t\t<span \t\t\tdata-qtmplayer-cover=\"https:\/\/rna.ao\/rna.ao\/wp-content\/uploads\/2021\/07\/RADAR-ECONOMICO-MELHOR.jpg\"\n\t\t\t\t\t\tdata-qtmplayer-file=\"https:\/\/rna.ao\/rna.ao\/wp-content\/uploads\/2023\/04\/RADAR-ECONOMICO-EMSSAO14-04.mp3\"\n\t\t\t\t\t\tdata-qtmplayer-title=\"RADAR ECON\u00d3MICO: Bancos Internacionais manifestaram, em Washington, inten\u00e7\u00e3o de operar no mercado banc\u00e1rio angolano\"\n\t\t\t\t\t\tdata-qtmplayer-artist=\"RNA\"\n\t\t\t\t\t\tdata-qtmplayer-link=\"https:\/\/rna.ao\/rna.ao\/2023\/04\/14\/radar-economico-bancos-internacionais-manifestaram-em-washington-intencao-de-operar-no-mercado-bancario-angolano\/\"\n\t\t\t\t\t\tdata-qtmplayer-icon=\"file_download\"\n\t\t\t\t\t\tdata-qtmplayer-type=\"track\"\n\t\t\t class=\"qtmplayer-play qtmplayer-link-sec qtmplayer-play-btn\"><i class='material-icons'>play_arrow<\/i><\/span>\n\t\t<p>\n\t\t\t<span class=\"qtmplayer-tit\">RADAR ECON\u00d3MICO: Bancos Internacionais manifestaram, em Washington, inten\u00e7\u00e3o de operar no mercado banc\u00e1rio angolano<\/span>\n\t\t\t<span class=\"qtmplayer-art\">RNA<\/span>\n\t\t<\/p>\n\t<\/li>\n\t\t<\/ul>\n\t<\/div>\t\t\t\n\t\n<p>Fonte: RNA<\/p>\n","protected":false},"excerpt":{"rendered":"<p>O Jornal de Economia da R\u00e1dio Nacional de Angola desta sexta-feira, 14 de Abril, destaca que \u201cbancos internacionais manifestaram em Washington, Estados Unidos da Am\u00e9rica, a inten\u00e7\u00e3o de operar no mercado banc\u00e1rio angolano. A inten\u00e7\u00e3o foi manifestada por investidores ao Governador do BNA e aos Ministros das Finan\u00e7as, Economia e ...<\/p>\n","protected":false},"author":8,"featured_media":30272,"comment_status":"closed","ping_status":"closed","sticky":false,"template":"","format":"standard","meta":[],"categories":[164],"tags":[],"_links":{"self":[{"href":"https:\/\/rna.ao\/rna.ao\/wp-json\/wp\/v2\/posts\/99775"}],"collection":[{"href":"https:\/\/rna.ao\/rna.ao\/wp-json\/wp\/v2\/posts"}],"about":[{"href":"https:\/\/rna.ao\/rna.ao\/wp-json\/wp\/v2\/types\/post"}],"author":[{"embeddable":true,"href":"https:\/\/rna.ao\/rna.ao\/wp-json\/wp\/v2\/users\/8"}],"replies":[{"embeddable":true,"href":"https:\/\/rna.ao\/rna.ao\/wp-json\/wp\/v2\/comments?post=99775"}],"version-history":[{"count":1,"href":"https:\/\/rna.ao\/rna.ao\/wp-json\/wp\/v2\/posts\/99775\/revisions"}],"predecessor-version":[{"id":99777,"href":"https:\/\/rna.ao\/rna.ao\/wp-json\/wp\/v2\/posts\/99775\/revisions\/99777"}],"wp:featuredmedia":[{"embeddable":true,"href":"https:\/\/rna.ao\/rna.ao\/wp-json\/wp\/v2\/media\/30272"}],"wp:attachment":[{"href":"https:\/\/rna.ao\/rna.ao\/wp-json\/wp\/v2\/media?parent=99775"}],"wp:term":[{"taxonomy":"category","embeddable":true,"href":"https:\/\/rna.ao\/rna.ao\/wp-json\/wp\/v2\/categories?post=99775"},{"taxonomy":"post_tag","embeddable":true,"href":"https:\/\/rna.ao\/rna.ao\/wp-json\/wp\/v2\/tags?post=99775"}],"curies":[{"name":"wp","href":"https:\/\/api.w.org\/{rel}","templated":true}]}}