{"id":99751,"date":"2023-04-14T05:56:11","date_gmt":"2023-04-14T04:56:11","guid":{"rendered":"https:\/\/rna.ao\/rna.ao\/?p=99751"},"modified":"2023-04-14T05:57:17","modified_gmt":"2023-04-14T04:57:17","slug":"liga-azule-formiguinhas-derrotam-inter-b-e-dagosto-academia-bate-la-bomba","status":"publish","type":"post","link":"https:\/\/rna.ao\/rna.ao\/2023\/04\/14\/liga-azule-formiguinhas-derrotam-inter-b-e-dagosto-academia-bate-la-bomba\/","title":{"rendered":"Liga Azule: Formiguinhas derrotam Inter B e D&#8217;Agosto Academia bate La Bomba"},"content":{"rendered":"<p style=\"font-weight: 400;\"><img loading=\"lazy\" class=\"size-full wp-image-93509 aligncenter\" src=\"https:\/\/rna.ao\/rna.ao\/wp-content\/uploads\/2023\/02\/Bola-ao-cesto-feminino.jpg\" alt=\"\" width=\"670\" height=\"423\" \/>Na Liga Azule de basquetebol jogou-se a pen\u00faltima jornada da primeira volta. As Formigas do Cazenga derrotaram o Inter-B, por 73-71. Jo\u00e3o Formosa, t\u00e9cnico da equipa do Cazenga, afirma que foi uma vit\u00f3ria suada. Clique no \u00e1udio e ou\u00e7a:<\/p>\n\t<div class=\"qtmplayer-playlist-large\">\n\t\t<ul class=\"qtmplayer-playlist\">\n\t\t\t\n\t\t\t\t\t<li class=\"qtmplayer-trackitem\">\n\t\t<img src=\"https:\/\/rna.ao\/rna.ao\/wp-content\/uploads\/2022\/05\/Bola-ao-cesto-100x100.jpg\" alt=\"cover\">\t\t<span \t\t\tdata-qtmplayer-cover=\"https:\/\/rna.ao\/rna.ao\/wp-content\/uploads\/2022\/05\/Bola-ao-cesto.jpg\"\n\t\t\t\t\t\tdata-qtmplayer-file=\"https:\/\/rna.ao\/rna.ao\/wp-content\/uploads\/2023\/04\/P-J-3-JOAO-FORMOSA-14-04-23.mp3\"\n\t\t\t\t\t\tdata-qtmplayer-title=\"Liga Azule: Formiguinhas derrotam Inter B e D&#8217;Agosto Academia bate La Bomba\"\n\t\t\t\t\t\tdata-qtmplayer-artist=\"RNA\"\n\t\t\t\t\t\tdata-qtmplayer-link=\"https:\/\/rna.ao\/rna.ao\/2023\/04\/14\/liga-azule-formiguinhas-derrotam-inter-b-e-dagosto-academia-bate-la-bomba\/\"\n\t\t\t\t\t\tdata-qtmplayer-icon=\"file_download\"\n\t\t\t\t\t\tdata-qtmplayer-type=\"track\"\n\t\t\t class=\"qtmplayer-play qtmplayer-link-sec qtmplayer-play-btn\"><i class='material-icons'>play_arrow<\/i><\/span>\n\t\t<p>\n\t\t\t<span class=\"qtmplayer-tit\">Liga Azule: Formiguinhas derrotam Inter B e D&#8217;Agosto Academia bate La Bomba<\/span>\n\t\t\t<span class=\"qtmplayer-art\">RNA<\/span>\n\t\t<\/p>\n\t<\/li>\n\t\t<\/ul>\n\t<\/div>\t\t\t\n\t\n<p style=\"font-weight: 400;\">Fernando Sapalo, t\u00e9cnico do Inter-B, assegura que a sua equipa falhou nos momentos cruciais do desafio. Clique no \u00e1udio e ou\u00e7a:<\/p>\n\t<div class=\"qtmplayer-playlist-large\">\n\t\t<ul class=\"qtmplayer-playlist\">\n\t\t\t\n\t\t\t\t\t<li class=\"qtmplayer-trackitem\">\n\t\t<img src=\"https:\/\/rna.ao\/rna.ao\/wp-content\/uploads\/2022\/05\/Bola-ao-cesto-100x100.jpg\" alt=\"cover\">\t\t<span \t\t\tdata-qtmplayer-cover=\"https:\/\/rna.ao\/rna.ao\/wp-content\/uploads\/2022\/05\/Bola-ao-cesto.jpg\"\n\t\t\t\t\t\tdata-qtmplayer-file=\"https:\/\/rna.ao\/rna.ao\/wp-content\/uploads\/2023\/04\/P-J-4-FERNANDO-SAPALO-14-04-23.mp3\"\n\t\t\t\t\t\tdata-qtmplayer-title=\"Liga Azule: Formiguinhas derrotam Inter B e D&#8217;Agosto Academia bate La Bomba\"\n\t\t\t\t\t\tdata-qtmplayer-artist=\"RNA\"\n\t\t\t\t\t\tdata-qtmplayer-link=\"https:\/\/rna.ao\/rna.ao\/2023\/04\/14\/liga-azule-formiguinhas-derrotam-inter-b-e-dagosto-academia-bate-la-bomba\/\"\n\t\t\t\t\t\tdata-qtmplayer-icon=\"file_download\"\n\t\t\t\t\t\tdata-qtmplayer-type=\"track\"\n\t\t\t class=\"qtmplayer-play qtmplayer-link-sec qtmplayer-play-btn\"><i class='material-icons'>play_arrow<\/i><\/span>\n\t\t<p>\n\t\t\t<span class=\"qtmplayer-tit\">Liga Azule: Formiguinhas derrotam Inter B e D&#8217;Agosto Academia bate La Bomba<\/span>\n\t\t\t<span class=\"qtmplayer-art\">RNA<\/span>\n\t\t<\/p>\n\t<\/li>\n\t\t<\/ul>\n\t<\/div>\t\t\t\n\t\n<p style=\"font-weight: 400;\">Na outra partida, o 1\u00bade Agosto Academia, bateu o La Bomba, por 74-44. Vladimir Ricardino, nas militares, salienta que as jogadoras \u00a0interpretaram bem a estrat\u00e9gia de jogo. Clique no \u00e1udio e ou\u00e7a:<\/p>\n\t<div class=\"qtmplayer-playlist-large\">\n\t\t<ul class=\"qtmplayer-playlist\">\n\t\t\t\n\t\t\t\t\t<li class=\"qtmplayer-trackitem\">\n\t\t<img src=\"https:\/\/rna.ao\/rna.ao\/wp-content\/uploads\/2022\/05\/Bola-ao-cesto-100x100.jpg\" alt=\"cover\">\t\t<span \t\t\tdata-qtmplayer-cover=\"https:\/\/rna.ao\/rna.ao\/wp-content\/uploads\/2022\/05\/Bola-ao-cesto.jpg\"\n\t\t\t\t\t\tdata-qtmplayer-file=\"https:\/\/rna.ao\/rna.ao\/wp-content\/uploads\/2023\/04\/P-J-5-VLADEMIR-RICARDINO-14-04-23.mp3\"\n\t\t\t\t\t\tdata-qtmplayer-title=\"Liga Azule: Formiguinhas derrotam Inter B e D&#8217;Agosto Academia bate La Bomba\"\n\t\t\t\t\t\tdata-qtmplayer-artist=\"RNA\"\n\t\t\t\t\t\tdata-qtmplayer-link=\"https:\/\/rna.ao\/rna.ao\/2023\/04\/14\/liga-azule-formiguinhas-derrotam-inter-b-e-dagosto-academia-bate-la-bomba\/\"\n\t\t\t\t\t\tdata-qtmplayer-icon=\"file_download\"\n\t\t\t\t\t\tdata-qtmplayer-type=\"track\"\n\t\t\t class=\"qtmplayer-play qtmplayer-link-sec qtmplayer-play-btn\"><i class='material-icons'>play_arrow<\/i><\/span>\n\t\t<p>\n\t\t\t<span class=\"qtmplayer-tit\">Liga Azule: Formiguinhas derrotam Inter B e D&#8217;Agosto Academia bate La Bomba<\/span>\n\t\t\t<span class=\"qtmplayer-art\">RNA<\/span>\n\t\t<\/p>\n\t<\/li>\n\t\t<\/ul>\n\t<\/div>\t\t\t\n\t\n<p style=\"font-weight: 400;\">Aguedel Galiano, coordenador do basquetebol do La Bomba, adianta que o objectivo da equipa passa sempre por contrapor os grandes na Liga Azule. Clique no \u00e1udio e ou\u00e7a:<\/p>\n\t<div class=\"qtmplayer-playlist-large\">\n\t\t<ul class=\"qtmplayer-playlist\">\n\t\t\t\n\t\t\t\t\t<li class=\"qtmplayer-trackitem\">\n\t\t<img src=\"https:\/\/rna.ao\/rna.ao\/wp-content\/uploads\/2022\/05\/Bola-ao-cesto-100x100.jpg\" alt=\"cover\">\t\t<span \t\t\tdata-qtmplayer-cover=\"https:\/\/rna.ao\/rna.ao\/wp-content\/uploads\/2022\/05\/Bola-ao-cesto.jpg\"\n\t\t\t\t\t\tdata-qtmplayer-file=\"https:\/\/rna.ao\/rna.ao\/wp-content\/uploads\/2023\/04\/P-J-6-AGDEL-GALIANO-14-04-23.mp3\"\n\t\t\t\t\t\tdata-qtmplayer-title=\"Liga Azule: Formiguinhas derrotam Inter B e D&#8217;Agosto Academia bate La Bomba\"\n\t\t\t\t\t\tdata-qtmplayer-artist=\"RNA\"\n\t\t\t\t\t\tdata-qtmplayer-link=\"https:\/\/rna.ao\/rna.ao\/2023\/04\/14\/liga-azule-formiguinhas-derrotam-inter-b-e-dagosto-academia-bate-la-bomba\/\"\n\t\t\t\t\t\tdata-qtmplayer-icon=\"file_download\"\n\t\t\t\t\t\tdata-qtmplayer-type=\"track\"\n\t\t\t class=\"qtmplayer-play qtmplayer-link-sec qtmplayer-play-btn\"><i class='material-icons'>play_arrow<\/i><\/span>\n\t\t<p>\n\t\t\t<span class=\"qtmplayer-tit\">Liga Azule: Formiguinhas derrotam Inter B e D&#8217;Agosto Academia bate La Bomba<\/span>\n\t\t\t<span class=\"qtmplayer-art\">RNA<\/span>\n\t\t<\/p>\n\t<\/li>\n\t\t<\/ul>\n\t<\/div>\t\t\t\n\t\n<p style=\"font-weight: 400;\">Fonte: R\u00e1dio 5\/RNA<\/p>\n<p style=\"font-weight: 400;\">\n","protected":false},"excerpt":{"rendered":"<p>Na Liga Azule de basquetebol jogou-se a pen\u00faltima jornada da primeira volta. As Formigas do Cazenga derrotaram o Inter-B, por 73-71. Jo\u00e3o Formosa, t\u00e9cnico da equipa do Cazenga, afirma que foi uma vit\u00f3ria suada. Clique no \u00e1udio e ou\u00e7a: Fernando Sapalo, t\u00e9cnico do Inter-B, assegura que a sua equipa falhou ...<\/p>\n","protected":false},"author":8,"featured_media":60524,"comment_status":"closed","ping_status":"closed","sticky":false,"template":"","format":"standard","meta":[],"categories":[145,125,164],"tags":[],"_links":{"self":[{"href":"https:\/\/rna.ao\/rna.ao\/wp-json\/wp\/v2\/posts\/99751"}],"collection":[{"href":"https:\/\/rna.ao\/rna.ao\/wp-json\/wp\/v2\/posts"}],"about":[{"href":"https:\/\/rna.ao\/rna.ao\/wp-json\/wp\/v2\/types\/post"}],"author":[{"embeddable":true,"href":"https:\/\/rna.ao\/rna.ao\/wp-json\/wp\/v2\/users\/8"}],"replies":[{"embeddable":true,"href":"https:\/\/rna.ao\/rna.ao\/wp-json\/wp\/v2\/comments?post=99751"}],"version-history":[{"count":4,"href":"https:\/\/rna.ao\/rna.ao\/wp-json\/wp\/v2\/posts\/99751\/revisions"}],"predecessor-version":[{"id":99773,"href":"https:\/\/rna.ao\/rna.ao\/wp-json\/wp\/v2\/posts\/99751\/revisions\/99773"}],"wp:featuredmedia":[{"embeddable":true,"href":"https:\/\/rna.ao\/rna.ao\/wp-json\/wp\/v2\/media\/60524"}],"wp:attachment":[{"href":"https:\/\/rna.ao\/rna.ao\/wp-json\/wp\/v2\/media?parent=99751"}],"wp:term":[{"taxonomy":"category","embeddable":true,"href":"https:\/\/rna.ao\/rna.ao\/wp-json\/wp\/v2\/categories?post=99751"},{"taxonomy":"post_tag","embeddable":true,"href":"https:\/\/rna.ao\/rna.ao\/wp-json\/wp\/v2\/tags?post=99751"}],"curies":[{"name":"wp","href":"https:\/\/api.w.org\/{rel}","templated":true}]}}