{"id":9975,"date":"2020-10-29T02:11:02","date_gmt":"2020-10-29T01:11:02","guid":{"rendered":"https:\/\/rna.ao\/rna.ao\/?p=9975"},"modified":"2020-10-29T02:38:37","modified_gmt":"2020-10-29T01:38:37","slug":"cc-do-mpla-analisa-situacao-socioeconomica-e-politica-do-pais","status":"publish","type":"post","link":"https:\/\/rna.ao\/rna.ao\/2020\/10\/29\/cc-do-mpla-analisa-situacao-socioeconomica-e-politica-do-pais\/","title":{"rendered":"CC do MPLA analisa situa\u00e7\u00e3o socioecon\u00f3mica e pol\u00edtica do pa\u00eds"},"content":{"rendered":"<p><img loading=\"lazy\" class=\"size-full wp-image-9977 alignleft\" src=\"https:\/\/rna.ao\/rna.ao\/wp-content\/uploads\/2020\/10\/JLo-MPLA.jpg\" alt=\"\" width=\"350\" height=\"250\" \/><\/p>\n<p>O Comit\u00e9 Central do MPLA, partido no governo em Angola, analisa esta quinta-feira, 29 de Outubro, em reuni\u00e3o a ser orientada pelo Presidente Jo\u00e3o Louren\u00e7o, a situa\u00e7\u00e3o socioecon\u00f3mica e pol\u00edtica do pa\u00eds.<\/p>\n<p>Na reuni\u00e3o, que vai, igualmente, analisar a vida interna do partido no poder, ser\u00e1 apreciado o actual ponto de situa\u00e7\u00e3o do Plano Integrado de Interven\u00e7\u00e3o nos Munic\u00edpios (PIIM).<\/p>\n<p>A quest\u00e3o dos transportes e das vias de comunica\u00e7\u00f5es, no quadro da produ\u00e7\u00e3o nacional, \u00e9 outro ponto da agenda da reuni\u00e3o do Comit\u00e9 Central do MPLA, conforme disse, \u00e0 imprensa, o Secret\u00e1rio para a Informa\u00e7\u00e3o, Albino Carlos. Clique no \u00e1udio, em baixo, e ou\u00e7a os detalhes na reportagem:<\/p>\n\t<div class=\"qtmplayer-playlist-large\">\n\t\t<ul class=\"qtmplayer-playlist\">\n\t\t\t\n\t\t\t\t\t<li class=\"qtmplayer-trackitem\">\n\t\t<img src=\"https:\/\/rna.ao\/rna.ao\/wp-content\/uploads\/2020\/10\/sede-do-MPLA-100x100.jpg\" alt=\"cover\">\t\t<span \t\t\tdata-qtmplayer-cover=\"https:\/\/rna.ao\/rna.ao\/wp-content\/uploads\/2020\/10\/sede-do-MPLA.jpg\"\n\t\t\t\t\t\tdata-qtmplayer-file=\"https:\/\/rna.ao\/rna.ao\/wp-content\/uploads\/2020\/10\/ANTONIO-PINTO.mp3\"\n\t\t\t\t\t\tdata-qtmplayer-title=\"CC do MPLA analisa situa\u00e7\u00e3o socioecon\u00f3mica e pol\u00edtica do pa\u00eds\"\n\t\t\t\t\t\tdata-qtmplayer-artist=\"RNA\"\n\t\t\t\t\t\tdata-qtmplayer-link=\"https:\/\/rna.ao\/rna.ao\/2020\/10\/29\/cc-do-mpla-analisa-situacao-socioeconomica-e-politica-do-pais\/\"\n\t\t\t\t\t\tdata-qtmplayer-icon=\"file_download\"\n\t\t\t\t\t\tdata-qtmplayer-type=\"track\"\n\t\t\t class=\"qtmplayer-play qtmplayer-link-sec qtmplayer-play-btn\"><i class='material-icons'>play_arrow<\/i><\/span>\n\t\t<p>\n\t\t\t<span class=\"qtmplayer-tit\">CC do MPLA analisa situa\u00e7\u00e3o socioecon\u00f3mica e pol\u00edtica do pa\u00eds<\/span>\n\t\t\t<span class=\"qtmplayer-art\">RNA<\/span>\n\t\t<\/p>\n\t<\/li>\n\t\t<\/ul>\n\t<\/div>\t\t\t\n\t\n<p>Fonte: RNA \u2013 Jornalista Ant\u00f3nio Pinto.<\/p>\n","protected":false},"excerpt":{"rendered":"<p>O Comit\u00e9 Central do MPLA, partido no governo em Angola, analisa esta quinta-feira, 29 de Outubro, em reuni\u00e3o a ser orientada pelo Presidente Jo\u00e3o Louren\u00e7o, a situa\u00e7\u00e3o socioecon\u00f3mica e pol\u00edtica do pa\u00eds. Na reuni\u00e3o, que vai, igualmente, analisar a vida interna do partido no poder, ser\u00e1 apreciado o actual ponto ...<\/p>\n","protected":false},"author":8,"featured_media":9978,"comment_status":"closed","ping_status":"closed","sticky":false,"template":"","format":"standard","meta":[],"categories":[121,163],"tags":[],"_links":{"self":[{"href":"https:\/\/rna.ao\/rna.ao\/wp-json\/wp\/v2\/posts\/9975"}],"collection":[{"href":"https:\/\/rna.ao\/rna.ao\/wp-json\/wp\/v2\/posts"}],"about":[{"href":"https:\/\/rna.ao\/rna.ao\/wp-json\/wp\/v2\/types\/post"}],"author":[{"embeddable":true,"href":"https:\/\/rna.ao\/rna.ao\/wp-json\/wp\/v2\/users\/8"}],"replies":[{"embeddable":true,"href":"https:\/\/rna.ao\/rna.ao\/wp-json\/wp\/v2\/comments?post=9975"}],"version-history":[{"count":2,"href":"https:\/\/rna.ao\/rna.ao\/wp-json\/wp\/v2\/posts\/9975\/revisions"}],"predecessor-version":[{"id":9989,"href":"https:\/\/rna.ao\/rna.ao\/wp-json\/wp\/v2\/posts\/9975\/revisions\/9989"}],"wp:featuredmedia":[{"embeddable":true,"href":"https:\/\/rna.ao\/rna.ao\/wp-json\/wp\/v2\/media\/9978"}],"wp:attachment":[{"href":"https:\/\/rna.ao\/rna.ao\/wp-json\/wp\/v2\/media?parent=9975"}],"wp:term":[{"taxonomy":"category","embeddable":true,"href":"https:\/\/rna.ao\/rna.ao\/wp-json\/wp\/v2\/categories?post=9975"},{"taxonomy":"post_tag","embeddable":true,"href":"https:\/\/rna.ao\/rna.ao\/wp-json\/wp\/v2\/tags?post=9975"}],"curies":[{"name":"wp","href":"https:\/\/api.w.org\/{rel}","templated":true}]}}