{"id":99731,"date":"2023-04-13T14:12:23","date_gmt":"2023-04-13T13:12:23","guid":{"rendered":"https:\/\/rna.ao\/rna.ao\/?p=99731"},"modified":"2023-04-13T14:12:23","modified_gmt":"2023-04-13T13:12:23","slug":"funcionarios-da-cruz-vermelha-de-angola-estao-ha-mais-de-tres-anos-sem-salarios","status":"publish","type":"post","link":"https:\/\/rna.ao\/rna.ao\/2023\/04\/13\/funcionarios-da-cruz-vermelha-de-angola-estao-ha-mais-de-tres-anos-sem-salarios\/","title":{"rendered":"Funcion\u00e1rios da Cruz Vermelha de Angola est\u00e3o h\u00e1 mais de tr\u00eas anos sem sal\u00e1rios"},"content":{"rendered":"<p><img loading=\"lazy\" class=\"wp-image-86924 alignleft\" src=\"https:\/\/rna.ao\/rna.ao\/wp-content\/uploads\/2022\/12\/Cruz-Vermelha-Angola.jpg\" alt=\"\" width=\"293\" height=\"165\" \/>A Cruz Vermelha de Angola n\u00e3o paga sal\u00e1rios h\u00e1 mais de tr\u00eas anos. a organiza\u00e7\u00e3o enfrenta nesse momento uma situa\u00e7\u00e3o financeira dif\u00edcil tamb\u00e9m est\u00e1 a condicionar a execu\u00e7\u00e3o dos trabalhos humanit\u00e1rios. Clique, no \u00e1udio abaixo e ou\u00e7a outros pormenores na reportagem da Ma\u00edra Tavares:<\/p>\n\t<div class=\"qtmplayer-playlist-large\">\n\t\t<ul class=\"qtmplayer-playlist\">\n\t\t\t\n\t\t\t\t\t<li class=\"qtmplayer-trackitem\">\n\t\t<img src=\"https:\/\/rna.ao\/rna.ao\/wp-content\/uploads\/2022\/12\/CRUZ-VERMELHA-2-100x100.jpg\" alt=\"cover\">\t\t<span \t\t\tdata-qtmplayer-cover=\"https:\/\/rna.ao\/rna.ao\/wp-content\/uploads\/2022\/12\/CRUZ-VERMELHA-2.jpg\"\n\t\t\t\t\t\tdata-qtmplayer-file=\"https:\/\/rna.ao\/rna.ao\/wp-content\/uploads\/2023\/04\/MAIRA-TAVARES-13-HRS-1.mp3\"\n\t\t\t\t\t\tdata-qtmplayer-title=\"Funcion\u00e1rios da Cruz Vermelha de Angola est\u00e3o h\u00e1 mais de tr\u00eas anos sem sal\u00e1rios\"\n\t\t\t\t\t\tdata-qtmplayer-artist=\"RNA\"\n\t\t\t\t\t\tdata-qtmplayer-link=\"https:\/\/rna.ao\/rna.ao\/2023\/04\/13\/funcionarios-da-cruz-vermelha-de-angola-estao-ha-mais-de-tres-anos-sem-salarios\/\"\n\t\t\t\t\t\tdata-qtmplayer-icon=\"file_download\"\n\t\t\t\t\t\tdata-qtmplayer-type=\"track\"\n\t\t\t class=\"qtmplayer-play qtmplayer-link-sec qtmplayer-play-btn\"><i class='material-icons'>play_arrow<\/i><\/span>\n\t\t<p>\n\t\t\t<span class=\"qtmplayer-tit\">Funcion\u00e1rios da Cruz Vermelha de Angola est\u00e3o h\u00e1 mais de tr\u00eas anos sem sal\u00e1rios<\/span>\n\t\t\t<span class=\"qtmplayer-art\">RNA<\/span>\n\t\t<\/p>\n\t<\/li>\n\t\t<\/ul>\n\t<\/div>\t\t\t\n\t\n","protected":false},"excerpt":{"rendered":"<p>A Cruz Vermelha de Angola n\u00e3o paga sal\u00e1rios h\u00e1 mais de tr\u00eas anos. a organiza\u00e7\u00e3o enfrenta nesse momento uma situa\u00e7\u00e3o financeira dif\u00edcil tamb\u00e9m est\u00e1 a condicionar a execu\u00e7\u00e3o dos trabalhos humanit\u00e1rios. Clique, no \u00e1udio abaixo e ou\u00e7a outros pormenores na reportagem da Ma\u00edra Tavares:<\/p>\n","protected":false},"author":8,"featured_media":87297,"comment_status":"closed","ping_status":"closed","sticky":false,"template":"","format":"standard","meta":[],"categories":[164,163],"tags":[],"_links":{"self":[{"href":"https:\/\/rna.ao\/rna.ao\/wp-json\/wp\/v2\/posts\/99731"}],"collection":[{"href":"https:\/\/rna.ao\/rna.ao\/wp-json\/wp\/v2\/posts"}],"about":[{"href":"https:\/\/rna.ao\/rna.ao\/wp-json\/wp\/v2\/types\/post"}],"author":[{"embeddable":true,"href":"https:\/\/rna.ao\/rna.ao\/wp-json\/wp\/v2\/users\/8"}],"replies":[{"embeddable":true,"href":"https:\/\/rna.ao\/rna.ao\/wp-json\/wp\/v2\/comments?post=99731"}],"version-history":[{"count":1,"href":"https:\/\/rna.ao\/rna.ao\/wp-json\/wp\/v2\/posts\/99731\/revisions"}],"predecessor-version":[{"id":99733,"href":"https:\/\/rna.ao\/rna.ao\/wp-json\/wp\/v2\/posts\/99731\/revisions\/99733"}],"wp:featuredmedia":[{"embeddable":true,"href":"https:\/\/rna.ao\/rna.ao\/wp-json\/wp\/v2\/media\/87297"}],"wp:attachment":[{"href":"https:\/\/rna.ao\/rna.ao\/wp-json\/wp\/v2\/media?parent=99731"}],"wp:term":[{"taxonomy":"category","embeddable":true,"href":"https:\/\/rna.ao\/rna.ao\/wp-json\/wp\/v2\/categories?post=99731"},{"taxonomy":"post_tag","embeddable":true,"href":"https:\/\/rna.ao\/rna.ao\/wp-json\/wp\/v2\/tags?post=99731"}],"curies":[{"name":"wp","href":"https:\/\/api.w.org\/{rel}","templated":true}]}}