{"id":99727,"date":"2023-04-13T14:06:29","date_gmt":"2023-04-13T13:06:29","guid":{"rendered":"https:\/\/rna.ao\/rna.ao\/?p=99727"},"modified":"2023-04-13T14:06:29","modified_gmt":"2023-04-13T13:06:29","slug":"detidos-cidadaos-que-se-dedicavam-na-pratica-de-ocupacao-e-comercializacao-de-residencias-nas-centralidades-de-luanda","status":"publish","type":"post","link":"https:\/\/rna.ao\/rna.ao\/2023\/04\/13\/detidos-cidadaos-que-se-dedicavam-na-pratica-de-ocupacao-e-comercializacao-de-residencias-nas-centralidades-de-luanda\/","title":{"rendered":"Detidos cidad\u00e3os que se dedicavam na pratica de ocupa\u00e7\u00e3o e comercializa\u00e7\u00e3o de resid\u00eancias nas Centralidades de Luanda"},"content":{"rendered":"<p><img loading=\"lazy\" class=\"wp-image-93454 alignleft\" src=\"https:\/\/rna.ao\/rna.ao\/wp-content\/uploads\/2023\/02\/SIC-detido.jpg\" alt=\"\" width=\"304\" height=\"174\" \/>Quatro cidad\u00e3os nacionais, foram detidos pelos efectivos da Direc\u00e7\u00e3o de Investiga\u00e7\u00e3o e Il\u00edcitos Penas\u201dDIIP\u201d, por ocupa\u00e7\u00e3o ilegal de apartamentos em algumas Centralidades de Luanda. Os acusados, vendiam as resid\u00eancias com a entrega de documentos falsificados. Clique, no \u00e1udio abaixo e ou\u00e7a outros pormenores na reportagem do Polaco Pedro:<\/p>\n\t<div class=\"qtmplayer-playlist-large\">\n\t\t<ul class=\"qtmplayer-playlist\">\n\t\t\t\n\t\t\t\t\t<li class=\"qtmplayer-trackitem\">\n\t\t<img src=\"https:\/\/rna.ao\/rna.ao\/wp-content\/uploads\/2022\/07\/Centralidade-do-Sequele-100x100.jpg\" alt=\"cover\">\t\t<span \t\t\tdata-qtmplayer-cover=\"https:\/\/rna.ao\/rna.ao\/wp-content\/uploads\/2022\/07\/Centralidade-do-Sequele.jpg\"\n\t\t\t\t\t\tdata-qtmplayer-file=\"https:\/\/rna.ao\/rna.ao\/wp-content\/uploads\/2023\/04\/POLACO-PEDRO-DIIP-13H.mp3\"\n\t\t\t\t\t\tdata-qtmplayer-title=\"Detidos cidad\u00e3os que se dedicavam na pratica de ocupa\u00e7\u00e3o e comercializa\u00e7\u00e3o de resid\u00eancias nas Centralidades de Luanda\"\n\t\t\t\t\t\tdata-qtmplayer-artist=\"RNA\"\n\t\t\t\t\t\tdata-qtmplayer-link=\"https:\/\/rna.ao\/rna.ao\/2023\/04\/13\/detidos-cidadaos-que-se-dedicavam-na-pratica-de-ocupacao-e-comercializacao-de-residencias-nas-centralidades-de-luanda\/\"\n\t\t\t\t\t\tdata-qtmplayer-icon=\"file_download\"\n\t\t\t\t\t\tdata-qtmplayer-type=\"track\"\n\t\t\t class=\"qtmplayer-play qtmplayer-link-sec qtmplayer-play-btn\"><i class='material-icons'>play_arrow<\/i><\/span>\n\t\t<p>\n\t\t\t<span class=\"qtmplayer-tit\">Detidos cidad\u00e3os que se dedicavam na pratica de ocupa\u00e7\u00e3o e comercializa\u00e7\u00e3o de resid\u00eancias nas Centralidades de Luanda<\/span>\n\t\t\t<span class=\"qtmplayer-art\">RNA<\/span>\n\t\t<\/p>\n\t<\/li>\n\t\t<\/ul>\n\t<\/div>\t\t\t\n\t\n","protected":false},"excerpt":{"rendered":"<p>Quatro cidad\u00e3os nacionais, foram detidos pelos efectivos da Direc\u00e7\u00e3o de Investiga\u00e7\u00e3o e Il\u00edcitos Penas\u201dDIIP\u201d, por ocupa\u00e7\u00e3o ilegal de apartamentos em algumas Centralidades de Luanda. Os acusados, vendiam as resid\u00eancias com a entrega de documentos falsificados. Clique, no \u00e1udio abaixo e ou\u00e7a outros pormenores na reportagem do Polaco Pedro:<\/p>\n","protected":false},"author":8,"featured_media":69081,"comment_status":"closed","ping_status":"closed","sticky":false,"template":"","format":"standard","meta":[],"categories":[164,163],"tags":[],"_links":{"self":[{"href":"https:\/\/rna.ao\/rna.ao\/wp-json\/wp\/v2\/posts\/99727"}],"collection":[{"href":"https:\/\/rna.ao\/rna.ao\/wp-json\/wp\/v2\/posts"}],"about":[{"href":"https:\/\/rna.ao\/rna.ao\/wp-json\/wp\/v2\/types\/post"}],"author":[{"embeddable":true,"href":"https:\/\/rna.ao\/rna.ao\/wp-json\/wp\/v2\/users\/8"}],"replies":[{"embeddable":true,"href":"https:\/\/rna.ao\/rna.ao\/wp-json\/wp\/v2\/comments?post=99727"}],"version-history":[{"count":1,"href":"https:\/\/rna.ao\/rna.ao\/wp-json\/wp\/v2\/posts\/99727\/revisions"}],"predecessor-version":[{"id":99730,"href":"https:\/\/rna.ao\/rna.ao\/wp-json\/wp\/v2\/posts\/99727\/revisions\/99730"}],"wp:featuredmedia":[{"embeddable":true,"href":"https:\/\/rna.ao\/rna.ao\/wp-json\/wp\/v2\/media\/69081"}],"wp:attachment":[{"href":"https:\/\/rna.ao\/rna.ao\/wp-json\/wp\/v2\/media?parent=99727"}],"wp:term":[{"taxonomy":"category","embeddable":true,"href":"https:\/\/rna.ao\/rna.ao\/wp-json\/wp\/v2\/categories?post=99727"},{"taxonomy":"post_tag","embeddable":true,"href":"https:\/\/rna.ao\/rna.ao\/wp-json\/wp\/v2\/tags?post=99727"}],"curies":[{"name":"wp","href":"https:\/\/api.w.org\/{rel}","templated":true}]}}