{"id":99724,"date":"2023-04-13T14:01:53","date_gmt":"2023-04-13T13:01:53","guid":{"rendered":"https:\/\/rna.ao\/rna.ao\/?p=99724"},"modified":"2023-04-13T14:01:53","modified_gmt":"2023-04-13T13:01:53","slug":"kwenda-vai-aumentar-para-11-mil-kwanzas-valores-das-transferencias-monetarias-as-familias-vulneraveis","status":"publish","type":"post","link":"https:\/\/rna.ao\/rna.ao\/2023\/04\/13\/kwenda-vai-aumentar-para-11-mil-kwanzas-valores-das-transferencias-monetarias-as-familias-vulneraveis\/","title":{"rendered":"Kwenda vai aumentar para 11 Mil Kwanzas valores das transfer\u00eancias monet\u00e1rias as fam\u00edlias vulner\u00e1veis"},"content":{"rendered":"<p><img loading=\"lazy\" class=\"wp-image-86734 alignleft\" src=\"https:\/\/rna.ao\/rna.ao\/wp-content\/uploads\/2022\/12\/kwenda_3_18217360715fecdb65e33ce.jpg\" alt=\"\" width=\"295\" height=\"169\" \/>As transfer\u00eancias monet\u00e1rias as fam\u00edlias vulnerais cadastradas no\u00a0\u00a0 programa Kuenda v\u00e3o passar de Oito Mil e Quinhentos para Onze Mil Kwanzas m\u00eas. A informa\u00e7\u00e3o foi avan\u00e7ada esta quinta-feira, 13 de Abril, pelo Director-Geral do FAS, Belarmino Gelembe, no final da primeira reuni\u00e3o da comiss\u00e3o multissectorial do referido programa, orientada pela Ministra de Estado para \u00c1rea Social, Dalva Ringote.\u00a0Clique, no \u00e1udio abaixo e ou\u00e7a outros pormenores na reportagem da Joana Gaspar:<\/p>\n\t<div class=\"qtmplayer-playlist-large\">\n\t\t<ul class=\"qtmplayer-playlist\">\n\t\t\t\n\t\t\t\t\t<li class=\"qtmplayer-trackitem\">\n\t\t<img src=\"https:\/\/rna.ao\/rna.ao\/wp-content\/uploads\/2022\/10\/Kwenda-Dinheiro-100x100.jpg\" alt=\"cover\">\t\t<span \t\t\tdata-qtmplayer-cover=\"https:\/\/rna.ao\/rna.ao\/wp-content\/uploads\/2022\/10\/Kwenda-Dinheiro.jpg\"\n\t\t\t\t\t\tdata-qtmplayer-file=\"https:\/\/rna.ao\/rna.ao\/wp-content\/uploads\/2023\/04\/JOANA-GASPAR-13H.mp3\"\n\t\t\t\t\t\tdata-qtmplayer-title=\"Kwenda vai aumentar para 11 Mil Kwanzas valores das transfer\u00eancias monet\u00e1rias as fam\u00edlias vulner\u00e1veis\"\n\t\t\t\t\t\tdata-qtmplayer-artist=\"RNA\"\n\t\t\t\t\t\tdata-qtmplayer-link=\"https:\/\/rna.ao\/rna.ao\/2023\/04\/13\/kwenda-vai-aumentar-para-11-mil-kwanzas-valores-das-transferencias-monetarias-as-familias-vulneraveis\/\"\n\t\t\t\t\t\tdata-qtmplayer-icon=\"file_download\"\n\t\t\t\t\t\tdata-qtmplayer-type=\"track\"\n\t\t\t class=\"qtmplayer-play qtmplayer-link-sec qtmplayer-play-btn\"><i class='material-icons'>play_arrow<\/i><\/span>\n\t\t<p>\n\t\t\t<span class=\"qtmplayer-tit\">Kwenda vai aumentar para 11 Mil Kwanzas valores das transfer\u00eancias monet\u00e1rias as fam\u00edlias vulner\u00e1veis<\/span>\n\t\t\t<span class=\"qtmplayer-art\">RNA<\/span>\n\t\t<\/p>\n\t<\/li>\n\t\t<\/ul>\n\t<\/div>\t\t\t\n\t\n","protected":false},"excerpt":{"rendered":"<p>As transfer\u00eancias monet\u00e1rias as fam\u00edlias vulnerais cadastradas no\u00a0\u00a0 programa Kuenda v\u00e3o passar de Oito Mil e Quinhentos para Onze Mil Kwanzas m\u00eas. A informa\u00e7\u00e3o foi avan\u00e7ada esta quinta-feira, 13 de Abril, pelo Director-Geral do FAS, Belarmino Gelembe, no final da primeira reuni\u00e3o da comiss\u00e3o multissectorial do referido programa, orientada pela ...<\/p>\n","protected":false},"author":8,"featured_media":79209,"comment_status":"closed","ping_status":"closed","sticky":false,"template":"","format":"standard","meta":[],"categories":[164,163],"tags":[],"_links":{"self":[{"href":"https:\/\/rna.ao\/rna.ao\/wp-json\/wp\/v2\/posts\/99724"}],"collection":[{"href":"https:\/\/rna.ao\/rna.ao\/wp-json\/wp\/v2\/posts"}],"about":[{"href":"https:\/\/rna.ao\/rna.ao\/wp-json\/wp\/v2\/types\/post"}],"author":[{"embeddable":true,"href":"https:\/\/rna.ao\/rna.ao\/wp-json\/wp\/v2\/users\/8"}],"replies":[{"embeddable":true,"href":"https:\/\/rna.ao\/rna.ao\/wp-json\/wp\/v2\/comments?post=99724"}],"version-history":[{"count":1,"href":"https:\/\/rna.ao\/rna.ao\/wp-json\/wp\/v2\/posts\/99724\/revisions"}],"predecessor-version":[{"id":99726,"href":"https:\/\/rna.ao\/rna.ao\/wp-json\/wp\/v2\/posts\/99724\/revisions\/99726"}],"wp:featuredmedia":[{"embeddable":true,"href":"https:\/\/rna.ao\/rna.ao\/wp-json\/wp\/v2\/media\/79209"}],"wp:attachment":[{"href":"https:\/\/rna.ao\/rna.ao\/wp-json\/wp\/v2\/media?parent=99724"}],"wp:term":[{"taxonomy":"category","embeddable":true,"href":"https:\/\/rna.ao\/rna.ao\/wp-json\/wp\/v2\/categories?post=99724"},{"taxonomy":"post_tag","embeddable":true,"href":"https:\/\/rna.ao\/rna.ao\/wp-json\/wp\/v2\/tags?post=99724"}],"curies":[{"name":"wp","href":"https:\/\/api.w.org\/{rel}","templated":true}]}}