{"id":99719,"date":"2023-04-13T13:54:25","date_gmt":"2023-04-13T12:54:25","guid":{"rendered":"https:\/\/rna.ao\/rna.ao\/?p=99719"},"modified":"2023-04-13T13:54:25","modified_gmt":"2023-04-13T12:54:25","slug":"angola-poder-deixar-de-importar-milho-a-partir-de-2024","status":"publish","type":"post","link":"https:\/\/rna.ao\/rna.ao\/2023\/04\/13\/angola-poder-deixar-de-importar-milho-a-partir-de-2024\/","title":{"rendered":"Angola poder deixar de importar milho a partir de 2024"},"content":{"rendered":"<p><img loading=\"lazy\" class=\"wp-image-99721 alignleft\" src=\"https:\/\/rna.ao\/rna.ao\/wp-content\/uploads\/2023\/04\/Isaac-dos-Anjos.jpg\" alt=\"\" width=\"282\" height=\"180\" \/>O Executivo afirma que a produ\u00e7\u00e3o de milho no pa\u00eds j\u00e1 \u00e9 satisfat\u00f3ria. Por est\u00e1 raz\u00e3o, a partir do pr\u00f3ximo ano o pa\u00eds pode deixar de importar o cereal. O Secret\u00e1rio do Presidente da Rep\u00fablica para o sector produtivo, Isaac dos Anjos, est\u00e1 na Prov\u00edncia do Cuando Cubango, onde est\u00e1 a avaliar a execu\u00e7\u00e3o de v\u00e1rios projectos do sector agr\u00edcola. Clique, no \u00e1udio abaixo e ou\u00e7a outros pormenores na reportagem do\u00a0\u00a0Ismael Zeferino:<\/p>\n\t<div class=\"qtmplayer-playlist-large\">\n\t\t<ul class=\"qtmplayer-playlist\">\n\t\t\t\n\t\t\t\t\t<li class=\"qtmplayer-trackitem\">\n\t\t<img src=\"https:\/\/rna.ao\/rna.ao\/wp-content\/uploads\/2022\/03\/adubacao-nitrogenada-na-cultura-do-milho3-1-1024x500-1-100x100.jpg\" alt=\"cover\">\t\t<span \t\t\tdata-qtmplayer-cover=\"https:\/\/rna.ao\/rna.ao\/wp-content\/uploads\/2022\/03\/adubacao-nitrogenada-na-cultura-do-milho3-1-1024x500-1-370x370.jpg\"\n\t\t\t\t\t\tdata-qtmplayer-file=\"https:\/\/rna.ao\/rna.ao\/wp-content\/uploads\/2023\/04\/KUANDO-KUBANGO-MILHO-13-HRS.mp3\"\n\t\t\t\t\t\tdata-qtmplayer-title=\"Angola poder deixar de importar milho a partir de 2024\"\n\t\t\t\t\t\tdata-qtmplayer-artist=\"RNA\"\n\t\t\t\t\t\tdata-qtmplayer-link=\"https:\/\/rna.ao\/rna.ao\/2023\/04\/13\/angola-poder-deixar-de-importar-milho-a-partir-de-2024\/\"\n\t\t\t\t\t\tdata-qtmplayer-icon=\"file_download\"\n\t\t\t\t\t\tdata-qtmplayer-type=\"track\"\n\t\t\t class=\"qtmplayer-play qtmplayer-link-sec qtmplayer-play-btn\"><i class='material-icons'>play_arrow<\/i><\/span>\n\t\t<p>\n\t\t\t<span class=\"qtmplayer-tit\">Angola poder deixar de importar milho a partir de 2024<\/span>\n\t\t\t<span class=\"qtmplayer-art\">RNA<\/span>\n\t\t<\/p>\n\t<\/li>\n\t\t<\/ul>\n\t<\/div>\t\t\t\n\t\n","protected":false},"excerpt":{"rendered":"<p>O Executivo afirma que a produ\u00e7\u00e3o de milho no pa\u00eds j\u00e1 \u00e9 satisfat\u00f3ria. Por est\u00e1 raz\u00e3o, a partir do pr\u00f3ximo ano o pa\u00eds pode deixar de importar o cereal. O Secret\u00e1rio do Presidente da Rep\u00fablica para o sector produtivo, Isaac dos Anjos, est\u00e1 na Prov\u00edncia do Cuando Cubango, onde est\u00e1 ...<\/p>\n","protected":false},"author":8,"featured_media":53857,"comment_status":"closed","ping_status":"closed","sticky":false,"template":"","format":"standard","meta":[],"categories":[164,163],"tags":[],"_links":{"self":[{"href":"https:\/\/rna.ao\/rna.ao\/wp-json\/wp\/v2\/posts\/99719"}],"collection":[{"href":"https:\/\/rna.ao\/rna.ao\/wp-json\/wp\/v2\/posts"}],"about":[{"href":"https:\/\/rna.ao\/rna.ao\/wp-json\/wp\/v2\/types\/post"}],"author":[{"embeddable":true,"href":"https:\/\/rna.ao\/rna.ao\/wp-json\/wp\/v2\/users\/8"}],"replies":[{"embeddable":true,"href":"https:\/\/rna.ao\/rna.ao\/wp-json\/wp\/v2\/comments?post=99719"}],"version-history":[{"count":1,"href":"https:\/\/rna.ao\/rna.ao\/wp-json\/wp\/v2\/posts\/99719\/revisions"}],"predecessor-version":[{"id":99722,"href":"https:\/\/rna.ao\/rna.ao\/wp-json\/wp\/v2\/posts\/99719\/revisions\/99722"}],"wp:featuredmedia":[{"embeddable":true,"href":"https:\/\/rna.ao\/rna.ao\/wp-json\/wp\/v2\/media\/53857"}],"wp:attachment":[{"href":"https:\/\/rna.ao\/rna.ao\/wp-json\/wp\/v2\/media?parent=99719"}],"wp:term":[{"taxonomy":"category","embeddable":true,"href":"https:\/\/rna.ao\/rna.ao\/wp-json\/wp\/v2\/categories?post=99719"},{"taxonomy":"post_tag","embeddable":true,"href":"https:\/\/rna.ao\/rna.ao\/wp-json\/wp\/v2\/tags?post=99719"}],"curies":[{"name":"wp","href":"https:\/\/api.w.org\/{rel}","templated":true}]}}