{"id":99716,"date":"2023-04-13T13:44:00","date_gmt":"2023-04-13T12:44:00","guid":{"rendered":"https:\/\/rna.ao\/rna.ao\/?p=99716"},"modified":"2023-04-13T13:44:00","modified_gmt":"2023-04-13T12:44:00","slug":"70-dos-jovens-beneficiados-de-estagios-profissionais-pelo-inefop-estao-empregados","status":"publish","type":"post","link":"https:\/\/rna.ao\/rna.ao\/2023\/04\/13\/70-dos-jovens-beneficiados-de-estagios-profissionais-pelo-inefop-estao-empregados\/","title":{"rendered":"70 % dos jovens beneficiados de est\u00e1gios profissionais pelo INEFOP est\u00e3o empregados"},"content":{"rendered":"<p><img loading=\"lazy\" class=\"wp-image-88657 alignleft\" src=\"https:\/\/rna.ao\/rna.ao\/wp-content\/uploads\/2023\/01\/adra_em_formacao_55790966660dd941cf1db2.jpg\" alt=\"\" width=\"255\" height=\"146\" \/>Os centros de forma\u00e7\u00e3o t\u00e9cnico profissional do INEFOP, est\u00e1 a dar respostas as necessidades dos jovens no que toca a forma\u00e7\u00e3o e a empregabilidade. 70 % dos jovens que se beneficiaram de est\u00e1gios profissionais via INEFOP, est\u00e3o empregados. De acordo com o Director-Geral do INEFOP, at\u00e9 2027 mais de 26 mil jovens em todo o pa\u00eds v\u00e3o ser contemplados com est\u00e1gios profissionais. Clique, no \u00e1udio abaixo e ou\u00e7a outros pormenores na reportagem do Airton Kenha:<\/p>\n\t<div class=\"qtmplayer-playlist-large\">\n\t\t<ul class=\"qtmplayer-playlist\">\n\t\t\t\n\t\t\t\t\t<li class=\"qtmplayer-trackitem\">\n\t\t<img src=\"https:\/\/rna.ao\/rna.ao\/wp-content\/uploads\/2022\/03\/formacao_profissional_113222103160d700cd8ebd7-100x100.jpg\" alt=\"cover\">\t\t<span \t\t\tdata-qtmplayer-cover=\"https:\/\/rna.ao\/rna.ao\/wp-content\/uploads\/2022\/03\/formacao_profissional_113222103160d700cd8ebd7.jpg\"\n\t\t\t\t\t\tdata-qtmplayer-file=\"https:\/\/rna.ao\/rna.ao\/wp-content\/uploads\/2023\/04\/HUILA-INEFOP-13-HRS.mp3\"\n\t\t\t\t\t\tdata-qtmplayer-title=\"70 % dos jovens beneficiados de est\u00e1gios profissionais pelo INEFOP est\u00e3o empregados\"\n\t\t\t\t\t\tdata-qtmplayer-artist=\"RNA\"\n\t\t\t\t\t\tdata-qtmplayer-link=\"https:\/\/rna.ao\/rna.ao\/2023\/04\/13\/70-dos-jovens-beneficiados-de-estagios-profissionais-pelo-inefop-estao-empregados\/\"\n\t\t\t\t\t\tdata-qtmplayer-icon=\"file_download\"\n\t\t\t\t\t\tdata-qtmplayer-type=\"track\"\n\t\t\t class=\"qtmplayer-play qtmplayer-link-sec qtmplayer-play-btn\"><i class='material-icons'>play_arrow<\/i><\/span>\n\t\t<p>\n\t\t\t<span class=\"qtmplayer-tit\">70 % dos jovens beneficiados de est\u00e1gios profissionais pelo INEFOP est\u00e3o empregados<\/span>\n\t\t\t<span class=\"qtmplayer-art\">RNA<\/span>\n\t\t<\/p>\n\t<\/li>\n\t\t<\/ul>\n\t<\/div>\t\t\t\n\t\n","protected":false},"excerpt":{"rendered":"<p>Os centros de forma\u00e7\u00e3o t\u00e9cnico profissional do INEFOP, est\u00e1 a dar respostas as necessidades dos jovens no que toca a forma\u00e7\u00e3o e a empregabilidade. 70 % dos jovens que se beneficiaram de est\u00e1gios profissionais via INEFOP, est\u00e3o empregados. De acordo com o Director-Geral do INEFOP, at\u00e9 2027 mais de 26 ...<\/p>\n","protected":false},"author":8,"featured_media":56530,"comment_status":"closed","ping_status":"closed","sticky":false,"template":"","format":"standard","meta":[],"categories":[164,163],"tags":[],"_links":{"self":[{"href":"https:\/\/rna.ao\/rna.ao\/wp-json\/wp\/v2\/posts\/99716"}],"collection":[{"href":"https:\/\/rna.ao\/rna.ao\/wp-json\/wp\/v2\/posts"}],"about":[{"href":"https:\/\/rna.ao\/rna.ao\/wp-json\/wp\/v2\/types\/post"}],"author":[{"embeddable":true,"href":"https:\/\/rna.ao\/rna.ao\/wp-json\/wp\/v2\/users\/8"}],"replies":[{"embeddable":true,"href":"https:\/\/rna.ao\/rna.ao\/wp-json\/wp\/v2\/comments?post=99716"}],"version-history":[{"count":1,"href":"https:\/\/rna.ao\/rna.ao\/wp-json\/wp\/v2\/posts\/99716\/revisions"}],"predecessor-version":[{"id":99718,"href":"https:\/\/rna.ao\/rna.ao\/wp-json\/wp\/v2\/posts\/99716\/revisions\/99718"}],"wp:featuredmedia":[{"embeddable":true,"href":"https:\/\/rna.ao\/rna.ao\/wp-json\/wp\/v2\/media\/56530"}],"wp:attachment":[{"href":"https:\/\/rna.ao\/rna.ao\/wp-json\/wp\/v2\/media?parent=99716"}],"wp:term":[{"taxonomy":"category","embeddable":true,"href":"https:\/\/rna.ao\/rna.ao\/wp-json\/wp\/v2\/categories?post=99716"},{"taxonomy":"post_tag","embeddable":true,"href":"https:\/\/rna.ao\/rna.ao\/wp-json\/wp\/v2\/tags?post=99716"}],"curies":[{"name":"wp","href":"https:\/\/api.w.org\/{rel}","templated":true}]}}