{"id":9965,"date":"2020-10-29T01:35:47","date_gmt":"2020-10-29T00:35:47","guid":{"rendered":"https:\/\/rna.ao\/rna.ao\/?p=9965"},"modified":"2020-10-29T01:40:16","modified_gmt":"2020-10-29T00:40:16","slug":"dagosto-vence-maquis-no-trumuno-fora-de-epoca","status":"publish","type":"post","link":"https:\/\/rna.ao\/rna.ao\/2020\/10\/29\/dagosto-vence-maquis-no-trumuno-fora-de-epoca\/","title":{"rendered":"D\u2019Agosto vence Maquis no \u201cTrumuno Fora de \u00c9poca\u201d"},"content":{"rendered":"<p><img loading=\"lazy\" class=\"wp-image-9967 alignleft\" src=\"https:\/\/rna.ao\/rna.ao\/wp-content\/uploads\/2020\/10\/Dagosto-Maquis.jpg\" alt=\"\" width=\"304\" height=\"203\" \/><\/p>\n<p>O Clube Desportivo 1\u00ba de Agosto venceu na noite de quarta-feira, 28 de Outubro, no Est\u00e1dio 11 de Novembro, em Luanda, por (3-1), o Futebol Clube Bravos Maquis do Moxico.<\/p>\n<p>Com esta vit\u00f3ria, o clube dos militares come\u00e7a com triunfo o quadrangular denominado \u201cTrumuno Fora de \u00c9poca\u201d, que ficou marcado com fort\u00edssima chuva sobre a cidade capital do pa\u00eds.<\/p>\n<p>O especialista R\u00e1dio 5 em futebol, Paulo Tom\u00e1s, disse que apesar dos quase sete meses parados, os jogadores de ambas equipas proporcionaram um bom espect\u00e1culo. Clique no \u00e1udio, em baixo, e ou\u00e7a o coment\u00e1rio:<\/p>\n\t<div class=\"qtmplayer-playlist-large\">\n\t\t<ul class=\"qtmplayer-playlist\">\n\t\t\t\n\t\t\t\t\t<li class=\"qtmplayer-trackitem\">\n\t\t<img src=\"https:\/\/rna.ao\/rna.ao\/wp-content\/uploads\/2020\/10\/Dagosto-Maquis-1-100x100.jpg\" alt=\"cover\">\t\t<span \t\t\tdata-qtmplayer-cover=\"https:\/\/rna.ao\/rna.ao\/wp-content\/uploads\/2020\/10\/Dagosto-Maquis-1.jpg\"\n\t\t\t\t\t\tdata-qtmplayer-file=\"https:\/\/rna.ao\/rna.ao\/wp-content\/uploads\/2020\/10\/PAULO-TOMAS-RADIO-5.mp3\"\n\t\t\t\t\t\tdata-qtmplayer-title=\"D\u2019Agosto vence Maquis no \u201cTrumuno Fora de \u00c9poca\u201d\"\n\t\t\t\t\t\tdata-qtmplayer-artist=\"RNA\"\n\t\t\t\t\t\tdata-qtmplayer-link=\"https:\/\/rna.ao\/rna.ao\/2020\/10\/29\/dagosto-vence-maquis-no-trumuno-fora-de-epoca\/\"\n\t\t\t\t\t\tdata-qtmplayer-icon=\"file_download\"\n\t\t\t\t\t\tdata-qtmplayer-type=\"track\"\n\t\t\t class=\"qtmplayer-play qtmplayer-link-sec qtmplayer-play-btn\"><i class='material-icons'>play_arrow<\/i><\/span>\n\t\t<p>\n\t\t\t<span class=\"qtmplayer-tit\">D\u2019Agosto vence Maquis no \u201cTrumuno Fora de \u00c9poca\u201d<\/span>\n\t\t\t<span class=\"qtmplayer-art\">RNA<\/span>\n\t\t<\/p>\n\t<\/li>\n\t\t<\/ul>\n\t<\/div>\t\t\t\n\t\n<p>Fonte: R\u00e1dio 5\/RNA<\/p>\n","protected":false},"excerpt":{"rendered":"<p>O Clube Desportivo 1\u00ba de Agosto venceu na noite de quarta-feira, 28 de Outubro, no Est\u00e1dio 11 de Novembro, em Luanda, por (3-1), o Futebol Clube Bravos Maquis do Moxico. Com esta vit\u00f3ria, o clube dos militares come\u00e7a com triunfo o quadrangular denominado \u201cTrumuno Fora de \u00c9poca\u201d, que ficou marcado ...<\/p>\n","protected":false},"author":8,"featured_media":9969,"comment_status":"closed","ping_status":"closed","sticky":false,"template":"","format":"standard","meta":[],"categories":[145,125,163],"tags":[],"_links":{"self":[{"href":"https:\/\/rna.ao\/rna.ao\/wp-json\/wp\/v2\/posts\/9965"}],"collection":[{"href":"https:\/\/rna.ao\/rna.ao\/wp-json\/wp\/v2\/posts"}],"about":[{"href":"https:\/\/rna.ao\/rna.ao\/wp-json\/wp\/v2\/types\/post"}],"author":[{"embeddable":true,"href":"https:\/\/rna.ao\/rna.ao\/wp-json\/wp\/v2\/users\/8"}],"replies":[{"embeddable":true,"href":"https:\/\/rna.ao\/rna.ao\/wp-json\/wp\/v2\/comments?post=9965"}],"version-history":[{"count":1,"href":"https:\/\/rna.ao\/rna.ao\/wp-json\/wp\/v2\/posts\/9965\/revisions"}],"predecessor-version":[{"id":9968,"href":"https:\/\/rna.ao\/rna.ao\/wp-json\/wp\/v2\/posts\/9965\/revisions\/9968"}],"wp:featuredmedia":[{"embeddable":true,"href":"https:\/\/rna.ao\/rna.ao\/wp-json\/wp\/v2\/media\/9969"}],"wp:attachment":[{"href":"https:\/\/rna.ao\/rna.ao\/wp-json\/wp\/v2\/media?parent=9965"}],"wp:term":[{"taxonomy":"category","embeddable":true,"href":"https:\/\/rna.ao\/rna.ao\/wp-json\/wp\/v2\/categories?post=9965"},{"taxonomy":"post_tag","embeddable":true,"href":"https:\/\/rna.ao\/rna.ao\/wp-json\/wp\/v2\/tags?post=9965"}],"curies":[{"name":"wp","href":"https:\/\/api.w.org\/{rel}","templated":true}]}}