{"id":9962,"date":"2020-10-29T01:46:13","date_gmt":"2020-10-29T00:46:13","guid":{"rendered":"https:\/\/rna.ao\/rna.ao\/?p=9962"},"modified":"2020-11-04T10:57:42","modified_gmt":"2020-11-04T09:57:42","slug":"desastre-ambiental-petrolifera-total-assume-derrame-de-petroleo-no-mar-do-zaire","status":"publish","type":"post","link":"https:\/\/rna.ao\/rna.ao\/2020\/10\/29\/desastre-ambiental-petrolifera-total-assume-derrame-de-petroleo-no-mar-do-zaire\/","title":{"rendered":"TOTAL assume ruptura entre navio-plataforma e petroleiro no mar do Zaire"},"content":{"rendered":"<p class=\"MsoNormal\" style=\"text-align: justify;\"><img loading=\"lazy\" class=\"wp-image-9972 alignleft\" src=\"https:\/\/rna.ao\/rna.ao\/wp-content\/uploads\/2020\/10\/TOTAL-mar-770x434.jpg\" alt=\"\" width=\"427\" height=\"241\" srcset=\"https:\/\/rna.ao\/rna.ao\/wp-content\/uploads\/2020\/10\/TOTAL-mar-770x434.jpg 770w, https:\/\/rna.ao\/rna.ao\/wp-content\/uploads\/2020\/10\/TOTAL-mar-768x433.jpg 768w, https:\/\/rna.ao\/rna.ao\/wp-content\/uploads\/2020\/10\/TOTAL-mar.jpg 780w\" sizes=\"(max-width: 427px) 100vw, 427px\" \/><\/p>\n<p class=\"MsoNormal\" style=\"text-align: justify;\"><span style=\"font-size: 16.0pt; line-height: 115%; font-family: 'Book Antiqua','serif';\">A Petrol\u00edfera TOTAL assumiu o desastre ambiental, causado por uma ruptura entre o seu navio-plataforma e o petroleiro, situados na opera\u00e7\u00e3o petrol\u00edfera dos mares da prov\u00edncia do Zaire.<\/span><\/p>\n<p class=\"MsoNormal\" style=\"text-align: justify;\"><span style=\"font-size: 16.0pt; line-height: 115%; font-family: 'Book Antiqua','serif';\">O fen\u00f3meno condicionou a actividade pesqueira nos Munic\u00edpios costeiros daquela regi\u00e3o do nosso pa\u00eds. Os pescadores locais j\u00e1 falam em muitos preju\u00edzos. <\/span><\/p>\n<p class=\"MsoNormal\" style=\"text-align: justify;\"><span style=\"font-size: 16.0pt; line-height: 115%; font-family: 'Book Antiqua','serif';\">A TOTAL garante que est\u00e1 a desenvolver todos os esfor\u00e7os, para minimizar o impacto deste acidente nas comunidades, acompanhando, de perto, a evolu\u00e7\u00e3o e o controlo da situa\u00e7\u00e3o. Clique no \u00e1udio, em baixo, e saiba mais detalhes na reportagem:<\/span><\/p>\n\t<div class=\"qtmplayer-playlist-large\">\n\t\t<ul class=\"qtmplayer-playlist\">\n\t\t\t\n\t\t\t\t\t<li class=\"qtmplayer-trackitem\">\n\t\t<img src=\"https:\/\/rna.ao\/rna.ao\/wp-content\/uploads\/2020\/10\/TOTAL-1-100x100.jpg\" alt=\"cover\">\t\t<span \t\t\tdata-qtmplayer-cover=\"https:\/\/rna.ao\/rna.ao\/wp-content\/uploads\/2020\/10\/TOTAL-1.jpg\"\n\t\t\t\t\t\tdata-qtmplayer-file=\"https:\/\/rna.ao\/rna.ao\/wp-content\/uploads\/2020\/10\/LUIS-MAMANA.mp3\"\n\t\t\t\t\t\tdata-qtmplayer-title=\"TOTAL assume ruptura entre navio-plataforma e petroleiro no mar do Zaire\"\n\t\t\t\t\t\tdata-qtmplayer-artist=\"RNA\"\n\t\t\t\t\t\tdata-qtmplayer-link=\"https:\/\/rna.ao\/rna.ao\/2020\/10\/29\/desastre-ambiental-petrolifera-total-assume-derrame-de-petroleo-no-mar-do-zaire\/\"\n\t\t\t\t\t\tdata-qtmplayer-icon=\"file_download\"\n\t\t\t\t\t\tdata-qtmplayer-type=\"track\"\n\t\t\t class=\"qtmplayer-play qtmplayer-link-sec qtmplayer-play-btn\"><i class='material-icons'>play_arrow<\/i><\/span>\n\t\t<p>\n\t\t\t<span class=\"qtmplayer-tit\">TOTAL assume ruptura entre navio-plataforma e petroleiro no mar do Zaire<\/span>\n\t\t\t<span class=\"qtmplayer-art\">RNA<\/span>\n\t\t<\/p>\n\t<\/li>\n\t\t<\/ul>\n\t<\/div>\t\t\t\n\t\n<p class=\"MsoNormal\" style=\"text-align: justify;\"><span style=\"font-size: 16.0pt; line-height: 115%; font-family: 'Book Antiqua','serif';\">Fonte: RNA \u2013 Jornalista Lu\u00eds Mamana<\/span><\/p>\n","protected":false},"excerpt":{"rendered":"<p>A Petrol\u00edfera TOTAL assumiu o desastre ambiental, causado por uma ruptura entre o seu navio-plataforma e o petroleiro, situados na opera\u00e7\u00e3o petrol\u00edfera dos mares da prov\u00edncia do Zaire. O fen\u00f3meno condicionou a actividade pesqueira nos Munic\u00edpios costeiros daquela regi\u00e3o do nosso pa\u00eds. Os pescadores locais j\u00e1 falam em muitos preju\u00edzos. ...<\/p>\n","protected":false},"author":8,"featured_media":9974,"comment_status":"closed","ping_status":"closed","sticky":false,"template":"","format":"standard","meta":[],"categories":[142,121,163],"tags":[],"_links":{"self":[{"href":"https:\/\/rna.ao\/rna.ao\/wp-json\/wp\/v2\/posts\/9962"}],"collection":[{"href":"https:\/\/rna.ao\/rna.ao\/wp-json\/wp\/v2\/posts"}],"about":[{"href":"https:\/\/rna.ao\/rna.ao\/wp-json\/wp\/v2\/types\/post"}],"author":[{"embeddable":true,"href":"https:\/\/rna.ao\/rna.ao\/wp-json\/wp\/v2\/users\/8"}],"replies":[{"embeddable":true,"href":"https:\/\/rna.ao\/rna.ao\/wp-json\/wp\/v2\/comments?post=9962"}],"version-history":[{"count":4,"href":"https:\/\/rna.ao\/rna.ao\/wp-json\/wp\/v2\/posts\/9962\/revisions"}],"predecessor-version":[{"id":10604,"href":"https:\/\/rna.ao\/rna.ao\/wp-json\/wp\/v2\/posts\/9962\/revisions\/10604"}],"wp:featuredmedia":[{"embeddable":true,"href":"https:\/\/rna.ao\/rna.ao\/wp-json\/wp\/v2\/media\/9974"}],"wp:attachment":[{"href":"https:\/\/rna.ao\/rna.ao\/wp-json\/wp\/v2\/media?parent=9962"}],"wp:term":[{"taxonomy":"category","embeddable":true,"href":"https:\/\/rna.ao\/rna.ao\/wp-json\/wp\/v2\/categories?post=9962"},{"taxonomy":"post_tag","embeddable":true,"href":"https:\/\/rna.ao\/rna.ao\/wp-json\/wp\/v2\/tags?post=9962"}],"curies":[{"name":"wp","href":"https:\/\/api.w.org\/{rel}","templated":true}]}}