{"id":9909,"date":"2020-10-28T03:37:36","date_gmt":"2020-10-28T02:37:36","guid":{"rendered":"https:\/\/rna.ao\/rna.ao\/?p=9909"},"modified":"2020-10-28T03:37:36","modified_gmt":"2020-10-28T02:37:36","slug":"futebol-seleccoes-femininas-de-sub-17-e-sub-20-preparam-afrotacas","status":"publish","type":"post","link":"https:\/\/rna.ao\/rna.ao\/2020\/10\/28\/futebol-seleccoes-femininas-de-sub-17-e-sub-20-preparam-afrotacas\/","title":{"rendered":"Futebol: Selec\u00e7\u00f5es femininas de Sub-17 e Sub-20 preparam Afrota\u00e7as"},"content":{"rendered":"<p><img loading=\"lazy\" class=\"wp-image-9910 alignleft\" src=\"https:\/\/rna.ao\/rna.ao\/wp-content\/uploads\/2020\/10\/sub-20-feminino.jpg\" alt=\"\" width=\"287\" height=\"209\" \/><\/p>\n<p>As selec\u00e7\u00f5es angolanas de futebol femininas em sub-20 e sub-17, que v\u00e3o evoluir nas Afrota\u00e7as nas respectivas categorias, e tamb\u00e9m na \u00c1frica do Sul, est\u00e3o j\u00e1 na forja para participar das devidas competi\u00e7\u00f5es.<\/p>\n<p>A informa\u00e7\u00e3o foi prestada pelo director t\u00e9cnico da FAF, Miller Gomes, que garantiu que os planos de trabalho est\u00e3o a merecer o devido ajuste, tudo devido ao novo normal que o mundo est\u00e1 a viver.<\/p>\n<p>Miller Gomes disse que o trabalho n\u00e3o para, j\u00e1 os sub-17 j\u00e1 est\u00e3o a trabalhar, e os sub-20 t\u00eam a convocat\u00f3ria a sair a p\u00fablico dentro de uma semana. Clique no \u00e1udio, em baixo, e ou\u00e7a:<\/p>\n\t<div class=\"qtmplayer-playlist-large\">\n\t\t<ul class=\"qtmplayer-playlist\">\n\t\t\t\n\t\t\t\t\t<li class=\"qtmplayer-trackitem\">\n\t\t<img src=\"https:\/\/rna.ao\/rna.ao\/wp-content\/uploads\/2020\/10\/sub-20-feminino-100x100.jpg\" alt=\"cover\">\t\t<span \t\t\tdata-qtmplayer-cover=\"https:\/\/rna.ao\/rna.ao\/wp-content\/uploads\/2020\/10\/sub-20-feminino.jpg\"\n\t\t\t\t\t\tdata-qtmplayer-file=\"https:\/\/rna.ao\/rna.ao\/wp-content\/uploads\/2020\/10\/MILLER-GOMES-2.mp3\"\n\t\t\t\t\t\tdata-qtmplayer-title=\"Futebol: Selec\u00e7\u00f5es femininas de Sub-17 e Sub-20 preparam Afrota\u00e7as\"\n\t\t\t\t\t\tdata-qtmplayer-artist=\"RNA\"\n\t\t\t\t\t\tdata-qtmplayer-link=\"https:\/\/rna.ao\/rna.ao\/2020\/10\/28\/futebol-seleccoes-femininas-de-sub-17-e-sub-20-preparam-afrotacas\/\"\n\t\t\t\t\t\tdata-qtmplayer-icon=\"file_download\"\n\t\t\t\t\t\tdata-qtmplayer-type=\"track\"\n\t\t\t class=\"qtmplayer-play qtmplayer-link-sec qtmplayer-play-btn\"><i class='material-icons'>play_arrow<\/i><\/span>\n\t\t<p>\n\t\t\t<span class=\"qtmplayer-tit\">Futebol: Selec\u00e7\u00f5es femininas de Sub-17 e Sub-20 preparam Afrota\u00e7as<\/span>\n\t\t\t<span class=\"qtmplayer-art\">RNA<\/span>\n\t\t<\/p>\n\t<\/li>\n\t\t<\/ul>\n\t<\/div>\t\t\t\n\t\n<p>Fonte: R\u00e1dio 5\/RNA<\/p>\n","protected":false},"excerpt":{"rendered":"<p>As selec\u00e7\u00f5es angolanas de futebol femininas em sub-20 e sub-17, que v\u00e3o evoluir nas Afrota\u00e7as nas respectivas categorias, e tamb\u00e9m na \u00c1frica do Sul, est\u00e3o j\u00e1 na forja para participar das devidas competi\u00e7\u00f5es. A informa\u00e7\u00e3o foi prestada pelo director t\u00e9cnico da FAF, Miller Gomes, que garantiu que os planos de ...<\/p>\n","protected":false},"author":8,"featured_media":9910,"comment_status":"closed","ping_status":"closed","sticky":false,"template":"","format":"standard","meta":[],"categories":[145,125],"tags":[],"_links":{"self":[{"href":"https:\/\/rna.ao\/rna.ao\/wp-json\/wp\/v2\/posts\/9909"}],"collection":[{"href":"https:\/\/rna.ao\/rna.ao\/wp-json\/wp\/v2\/posts"}],"about":[{"href":"https:\/\/rna.ao\/rna.ao\/wp-json\/wp\/v2\/types\/post"}],"author":[{"embeddable":true,"href":"https:\/\/rna.ao\/rna.ao\/wp-json\/wp\/v2\/users\/8"}],"replies":[{"embeddable":true,"href":"https:\/\/rna.ao\/rna.ao\/wp-json\/wp\/v2\/comments?post=9909"}],"version-history":[{"count":1,"href":"https:\/\/rna.ao\/rna.ao\/wp-json\/wp\/v2\/posts\/9909\/revisions"}],"predecessor-version":[{"id":9912,"href":"https:\/\/rna.ao\/rna.ao\/wp-json\/wp\/v2\/posts\/9909\/revisions\/9912"}],"wp:featuredmedia":[{"embeddable":true,"href":"https:\/\/rna.ao\/rna.ao\/wp-json\/wp\/v2\/media\/9910"}],"wp:attachment":[{"href":"https:\/\/rna.ao\/rna.ao\/wp-json\/wp\/v2\/media?parent=9909"}],"wp:term":[{"taxonomy":"category","embeddable":true,"href":"https:\/\/rna.ao\/rna.ao\/wp-json\/wp\/v2\/categories?post=9909"},{"taxonomy":"post_tag","embeddable":true,"href":"https:\/\/rna.ao\/rna.ao\/wp-json\/wp\/v2\/tags?post=9909"}],"curies":[{"name":"wp","href":"https:\/\/api.w.org\/{rel}","templated":true}]}}