{"id":99087,"date":"2023-04-08T05:52:56","date_gmt":"2023-04-08T04:52:56","guid":{"rendered":"https:\/\/rna.ao\/rna.ao\/?p=99087"},"modified":"2023-04-08T05:52:56","modified_gmt":"2023-04-08T04:52:56","slug":"interclube-vai-procurar-voltar-a-maxima-factor-casa-para-vencer-o-1o-dagosto-e-forcar-a-negra-na-busca-da-final-unitel-basquetebol","status":"publish","type":"post","link":"https:\/\/rna.ao\/rna.ao\/2023\/04\/08\/interclube-vai-procurar-voltar-a-maxima-factor-casa-para-vencer-o-1o-dagosto-e-forcar-a-negra-na-busca-da-final-unitel-basquetebol\/","title":{"rendered":"Interclube vai procurar voltar \u00e0 m\u00e1xima &#8220;factor casa&#8221; para vencer o 1\u00ba D&#8217;agosto e for\u00e7ar a negra na busca da final Unitel Basquetebol"},"content":{"rendered":"<p style=\"font-weight: 400;\"><img loading=\"lazy\" class=\"size-medium wp-image-99090 aligncenter\" src=\"https:\/\/rna.ao\/rna.ao\/wp-content\/uploads\/2023\/04\/Interclube-vs-DAgosto-770x513.jpg\" alt=\"\" width=\"770\" height=\"513\" srcset=\"https:\/\/rna.ao\/rna.ao\/wp-content\/uploads\/2023\/04\/Interclube-vs-DAgosto-770x513.jpg 770w, https:\/\/rna.ao\/rna.ao\/wp-content\/uploads\/2023\/04\/Interclube-vs-DAgosto-768x511.jpg 768w, https:\/\/rna.ao\/rna.ao\/wp-content\/uploads\/2023\/04\/Interclube-vs-DAgosto.jpg 853w\" sizes=\"(max-width: 770px) 100vw, 770px\" \/>Interclube e 1\u00ba D\u2019Agosto voltam hoje, 08\/04, ao cair da noite, ao pavilh\u00e3o \u201c28 de Fevereiro\u201d, para aquele que ser\u00e1 o quarto jogo entre ambos, das meias finais do UNITEL Basquetebol em play off \u00e0 melhor de 5 jogos. Para esse desafio, que arranca \u00e0s 18:00, H\u00e9lder Domingos \u201cZ\u00e9 Gui\u00e3o\u201d, o adjunto de Carlos Dinis, promete a mesma postura que os seus atletas tiveram no desafio em que venceram os militares. Clique no \u00e1udio e ou\u00e7a:<\/p>\n\t<div class=\"qtmplayer-playlist-large\">\n\t\t<ul class=\"qtmplayer-playlist\">\n\t\t\t\n\t\t\t\t\t<li class=\"qtmplayer-trackitem\">\n\t\t<img src=\"https:\/\/rna.ao\/rna.ao\/wp-content\/uploads\/2023\/04\/Interclube-vs-DAgosto-1-100x100.jpg\" alt=\"cover\">\t\t<span \t\t\tdata-qtmplayer-cover=\"https:\/\/rna.ao\/rna.ao\/wp-content\/uploads\/2023\/04\/Interclube-vs-DAgosto-1.jpg\"\n\t\t\t\t\t\tdata-qtmplayer-file=\"https:\/\/rna.ao\/rna.ao\/wp-content\/uploads\/2023\/04\/P-J-1-HELDER-DOMINGOS-ZE-GUIAO-08-04-23.mp3\"\n\t\t\t\t\t\tdata-qtmplayer-title=\"Interclube vai procurar voltar \u00e0 m\u00e1xima &#8220;factor casa&#8221; para vencer o 1\u00ba D&#8217;agosto e for\u00e7ar a negra na busca da final Unitel Basquetebol\"\n\t\t\t\t\t\tdata-qtmplayer-artist=\"RNA\"\n\t\t\t\t\t\tdata-qtmplayer-link=\"https:\/\/rna.ao\/rna.ao\/2023\/04\/08\/interclube-vai-procurar-voltar-a-maxima-factor-casa-para-vencer-o-1o-dagosto-e-forcar-a-negra-na-busca-da-final-unitel-basquetebol\/\"\n\t\t\t\t\t\tdata-qtmplayer-icon=\"file_download\"\n\t\t\t\t\t\tdata-qtmplayer-type=\"track\"\n\t\t\t class=\"qtmplayer-play qtmplayer-link-sec qtmplayer-play-btn\"><i class='material-icons'>play_arrow<\/i><\/span>\n\t\t<p>\n\t\t\t<span class=\"qtmplayer-tit\">Interclube vai procurar voltar \u00e0 m\u00e1xima &#8220;factor casa&#8221; para vencer o 1\u00ba D&#8217;agosto e for\u00e7ar a negra na busca da final Unitel Basquetebol<\/span>\n\t\t\t<span class=\"qtmplayer-art\">RNA<\/span>\n\t\t<\/p>\n\t<\/li>\n\t\t<\/ul>\n\t<\/div>\t\t\t\n\t\n<p style=\"font-weight: 400;\">Do lado dos militares, o treinador Lazare Adingono garante que v\u00e3o trabalhar para continuar a dignificar as cores do clube militar. Clique no \u00e1udio e ou\u00e7a:<\/p>\n\t<div class=\"qtmplayer-playlist-large\">\n\t\t<ul class=\"qtmplayer-playlist\">\n\t\t\t\n\t\t\t\t\t<li class=\"qtmplayer-trackitem\">\n\t\t<img src=\"https:\/\/rna.ao\/rna.ao\/wp-content\/uploads\/2023\/04\/Interclube-vs-DAgosto-1-100x100.jpg\" alt=\"cover\">\t\t<span \t\t\tdata-qtmplayer-cover=\"https:\/\/rna.ao\/rna.ao\/wp-content\/uploads\/2023\/04\/Interclube-vs-DAgosto-1.jpg\"\n\t\t\t\t\t\tdata-qtmplayer-file=\"https:\/\/rna.ao\/rna.ao\/wp-content\/uploads\/2023\/04\/P-J-2-LAZARE-ANDIGONO-08-04-23.mp3\"\n\t\t\t\t\t\tdata-qtmplayer-title=\"Interclube vai procurar voltar \u00e0 m\u00e1xima &#8220;factor casa&#8221; para vencer o 1\u00ba D&#8217;agosto e for\u00e7ar a negra na busca da final Unitel Basquetebol\"\n\t\t\t\t\t\tdata-qtmplayer-artist=\"RNA\"\n\t\t\t\t\t\tdata-qtmplayer-link=\"https:\/\/rna.ao\/rna.ao\/2023\/04\/08\/interclube-vai-procurar-voltar-a-maxima-factor-casa-para-vencer-o-1o-dagosto-e-forcar-a-negra-na-busca-da-final-unitel-basquetebol\/\"\n\t\t\t\t\t\tdata-qtmplayer-icon=\"file_download\"\n\t\t\t\t\t\tdata-qtmplayer-type=\"track\"\n\t\t\t class=\"qtmplayer-play qtmplayer-link-sec qtmplayer-play-btn\"><i class='material-icons'>play_arrow<\/i><\/span>\n\t\t<p>\n\t\t\t<span class=\"qtmplayer-tit\">Interclube vai procurar voltar \u00e0 m\u00e1xima &#8220;factor casa&#8221; para vencer o 1\u00ba D&#8217;agosto e for\u00e7ar a negra na busca da final Unitel Basquetebol<\/span>\n\t\t\t<span class=\"qtmplayer-art\">RNA<\/span>\n\t\t<\/p>\n\t<\/li>\n\t\t<\/ul>\n\t<\/div>\t\t\t\n\t\n<p>De recordar que, os pol\u00edcias perderam os dois primeiros jogos no Victorino Cunha, 102 x 108 e 78 x 102.<\/p>\n<p>Fonte: R\u00e1dio 5\/RNA<\/p>\n","protected":false},"excerpt":{"rendered":"<p>Interclube e 1\u00ba D\u2019Agosto voltam hoje, 08\/04, ao cair da noite, ao pavilh\u00e3o \u201c28 de Fevereiro\u201d, para aquele que ser\u00e1 o quarto jogo entre ambos, das meias finais do UNITEL Basquetebol em play off \u00e0 melhor de 5 jogos. Para esse desafio, que arranca \u00e0s 18:00, H\u00e9lder Domingos \u201cZ\u00e9 Gui\u00e3o\u201d, ...<\/p>\n","protected":false},"author":8,"featured_media":99091,"comment_status":"closed","ping_status":"closed","sticky":false,"template":"","format":"standard","meta":[],"categories":[145,125,164],"tags":[],"_links":{"self":[{"href":"https:\/\/rna.ao\/rna.ao\/wp-json\/wp\/v2\/posts\/99087"}],"collection":[{"href":"https:\/\/rna.ao\/rna.ao\/wp-json\/wp\/v2\/posts"}],"about":[{"href":"https:\/\/rna.ao\/rna.ao\/wp-json\/wp\/v2\/types\/post"}],"author":[{"embeddable":true,"href":"https:\/\/rna.ao\/rna.ao\/wp-json\/wp\/v2\/users\/8"}],"replies":[{"embeddable":true,"href":"https:\/\/rna.ao\/rna.ao\/wp-json\/wp\/v2\/comments?post=99087"}],"version-history":[{"count":1,"href":"https:\/\/rna.ao\/rna.ao\/wp-json\/wp\/v2\/posts\/99087\/revisions"}],"predecessor-version":[{"id":99092,"href":"https:\/\/rna.ao\/rna.ao\/wp-json\/wp\/v2\/posts\/99087\/revisions\/99092"}],"wp:featuredmedia":[{"embeddable":true,"href":"https:\/\/rna.ao\/rna.ao\/wp-json\/wp\/v2\/media\/99091"}],"wp:attachment":[{"href":"https:\/\/rna.ao\/rna.ao\/wp-json\/wp\/v2\/media?parent=99087"}],"wp:term":[{"taxonomy":"category","embeddable":true,"href":"https:\/\/rna.ao\/rna.ao\/wp-json\/wp\/v2\/categories?post=99087"},{"taxonomy":"post_tag","embeddable":true,"href":"https:\/\/rna.ao\/rna.ao\/wp-json\/wp\/v2\/tags?post=99087"}],"curies":[{"name":"wp","href":"https:\/\/api.w.org\/{rel}","templated":true}]}}