{"id":99053,"date":"2023-04-07T07:57:26","date_gmt":"2023-04-07T06:57:26","guid":{"rendered":"https:\/\/rna.ao\/rna.ao\/?p=99053"},"modified":"2023-04-07T07:59:13","modified_gmt":"2023-04-07T06:59:13","slug":"oms-celebra-75-anos-pr-felicita-organismo-da-onu","status":"publish","type":"post","link":"https:\/\/rna.ao\/rna.ao\/2023\/04\/07\/oms-celebra-75-anos-pr-felicita-organismo-da-onu\/","title":{"rendered":"OMS celebra 75 anos. PR felicita organismo da ONU"},"content":{"rendered":"<p><img loading=\"lazy\" class=\" wp-image-99060 aligncenter\" src=\"https:\/\/rna.ao\/rna.ao\/wp-content\/uploads\/2023\/04\/PR-PR.jpg\" alt=\"\" width=\"673\" height=\"467\" \/>Celebra-se esta sexta-feira, 07 de Abril, o dia da Organiza\u00e7\u00e3o Mundial da Sa\u00fade. O Presidente da Rep\u00fablica, Jo\u00e3o Louren\u00e7o, manifestou-se regozijado com os setenta e cinco anos da OMS.<\/p>\n<p>Na p\u00e1gina do Facebook da Presid\u00eancia da Rep\u00fablica, Jo\u00e3o Louren\u00e7o escreveu: &#8220;Felicito a OMS no seu septuag\u00e9simo quinto anivers\u00e1rio pelos resultados alcan\u00e7ados na seguran\u00e7a sanit\u00e1ria internacional&#8221;.<\/p>\n<p>O Presidente angolano agradeceu &#8220;o apoio t\u00e9cnico, a solidariedade e amizade que t\u00eam sido generosamente dispensados ao povo angolano&#8221;.<\/p>\n<p>O Presidente Jo\u00e3o Louren\u00e7o, termina reiterando &#8220;o compromisso de Angola para uma parceria efectiva e duradoura com a OMS&#8221;.<\/p>\n<p>&nbsp;<\/p>\n","protected":false},"excerpt":{"rendered":"<p>Celebra-se esta sexta-feira, 07 de Abril, o dia da Organiza\u00e7\u00e3o Mundial da Sa\u00fade. O Presidente da Rep\u00fablica, Jo\u00e3o Louren\u00e7o, manifestou-se regozijado com os setenta e cinco anos da OMS. Na p\u00e1gina do Facebook da Presid\u00eancia da Rep\u00fablica, Jo\u00e3o Louren\u00e7o escreveu: &#8220;Felicito a OMS no seu septuag\u00e9simo quinto anivers\u00e1rio pelos resultados ...<\/p>\n","protected":false},"author":8,"featured_media":99061,"comment_status":"closed","ping_status":"closed","sticky":false,"template":"","format":"standard","meta":[],"categories":[121,163],"tags":[],"_links":{"self":[{"href":"https:\/\/rna.ao\/rna.ao\/wp-json\/wp\/v2\/posts\/99053"}],"collection":[{"href":"https:\/\/rna.ao\/rna.ao\/wp-json\/wp\/v2\/posts"}],"about":[{"href":"https:\/\/rna.ao\/rna.ao\/wp-json\/wp\/v2\/types\/post"}],"author":[{"embeddable":true,"href":"https:\/\/rna.ao\/rna.ao\/wp-json\/wp\/v2\/users\/8"}],"replies":[{"embeddable":true,"href":"https:\/\/rna.ao\/rna.ao\/wp-json\/wp\/v2\/comments?post=99053"}],"version-history":[{"count":2,"href":"https:\/\/rna.ao\/rna.ao\/wp-json\/wp\/v2\/posts\/99053\/revisions"}],"predecessor-version":[{"id":99063,"href":"https:\/\/rna.ao\/rna.ao\/wp-json\/wp\/v2\/posts\/99053\/revisions\/99063"}],"wp:featuredmedia":[{"embeddable":true,"href":"https:\/\/rna.ao\/rna.ao\/wp-json\/wp\/v2\/media\/99061"}],"wp:attachment":[{"href":"https:\/\/rna.ao\/rna.ao\/wp-json\/wp\/v2\/media?parent=99053"}],"wp:term":[{"taxonomy":"category","embeddable":true,"href":"https:\/\/rna.ao\/rna.ao\/wp-json\/wp\/v2\/categories?post=99053"},{"taxonomy":"post_tag","embeddable":true,"href":"https:\/\/rna.ao\/rna.ao\/wp-json\/wp\/v2\/tags?post=99053"}],"curies":[{"name":"wp","href":"https:\/\/api.w.org\/{rel}","templated":true}]}}