{"id":99043,"date":"2023-04-07T07:24:55","date_gmt":"2023-04-07T06:24:55","guid":{"rendered":"https:\/\/rna.ao\/rna.ao\/?p=99043"},"modified":"2023-04-07T07:25:16","modified_gmt":"2023-04-07T06:25:16","slug":"programa-azimute-actualidade-debate-os-avancos-e-recuos-da-economia-angolana-nos-21-anos-de-paz","status":"publish","type":"post","link":"https:\/\/rna.ao\/rna.ao\/2023\/04\/07\/programa-azimute-actualidade-debate-os-avancos-e-recuos-da-economia-angolana-nos-21-anos-de-paz\/","title":{"rendered":"RNA: Programa Azimute Actualidade debate os avan\u00e7os e recuos da economia angolana nos 21 anos de paz"},"content":{"rendered":"<p><img loading=\"lazy\" class=\" wp-image-27343 aligncenter\" src=\"https:\/\/rna.ao\/rna.ao\/wp-content\/uploads\/2021\/06\/RNA-Entrada.jpg\" alt=\"\" width=\"716\" height=\"537\" \/>&#8220;O desempenho da economia nacional nos \u00faltimos 21 anos&#8221;, foi tema de abordagem quinta-feira, 06\/04, no Programa Azimute Actualidade, da R\u00e1dio Nacional de Angola.<\/p>\n<p>Os n\u00fameros que retratam o crescimento da ind\u00fastria transformadora, dos sectores financeiros, da constru\u00e7\u00e3o civil e da agricultura, foram aflorados pelos representes do Minist\u00e9rio da Economia e Planeamento, Ind\u00fastria e Com\u00e9rcio, Agricultura e Empresariado Nacional. Clique, no \u00e1udio abaixo, e ou\u00e7a o resumo com o jornalista, Francisco Pedro:<\/p>\n\t<div class=\"qtmplayer-playlist-large\">\n\t\t<ul class=\"qtmplayer-playlist\">\n\t\t\t\n\t\t\t\t\t<li class=\"qtmplayer-trackitem\">\n\t\t<img src=\"https:\/\/rna.ao\/rna.ao\/wp-content\/uploads\/2021\/06\/RNA-Entrada-100x100.jpg\" alt=\"cover\">\t\t<span \t\t\tdata-qtmplayer-cover=\"https:\/\/rna.ao\/rna.ao\/wp-content\/uploads\/2021\/06\/RNA-Entrada-370x370.jpg\"\n\t\t\t\t\t\tdata-qtmplayer-file=\"https:\/\/rna.ao\/rna.ao\/wp-content\/uploads\/2023\/04\/FRANCISCO-PEDRO-07HRS.mp3\"\n\t\t\t\t\t\tdata-qtmplayer-title=\"RNA: Programa Azimute Actualidade debate os avan\u00e7os e recuos da economia angolana nos 21 anos de paz\"\n\t\t\t\t\t\tdata-qtmplayer-artist=\"RNA\"\n\t\t\t\t\t\tdata-qtmplayer-link=\"https:\/\/rna.ao\/rna.ao\/2023\/04\/07\/programa-azimute-actualidade-debate-os-avancos-e-recuos-da-economia-angolana-nos-21-anos-de-paz\/\"\n\t\t\t\t\t\tdata-qtmplayer-icon=\"file_download\"\n\t\t\t\t\t\tdata-qtmplayer-type=\"track\"\n\t\t\t class=\"qtmplayer-play qtmplayer-link-sec qtmplayer-play-btn\"><i class='material-icons'>play_arrow<\/i><\/span>\n\t\t<p>\n\t\t\t<span class=\"qtmplayer-tit\">RNA: Programa Azimute Actualidade debate os avan\u00e7os e recuos da economia angolana nos 21 anos de paz<\/span>\n\t\t\t<span class=\"qtmplayer-art\">RNA<\/span>\n\t\t<\/p>\n\t<\/li>\n\t\t<\/ul>\n\t<\/div>\t\t\t\n\t\n<p>Fonte: RNA<\/p>\n<p>&nbsp;<\/p>\n<p>&nbsp;<\/p>\n<p>&nbsp;<\/p>\n","protected":false},"excerpt":{"rendered":"<p>&#8220;O desempenho da economia nacional nos \u00faltimos 21 anos&#8221;, foi tema de abordagem quinta-feira, 06\/04, no Programa Azimute Actualidade, da R\u00e1dio Nacional de Angola. Os n\u00fameros que retratam o crescimento da ind\u00fastria transformadora, dos sectores financeiros, da constru\u00e7\u00e3o civil e da agricultura, foram aflorados pelos representes do Minist\u00e9rio da Economia ...<\/p>\n","protected":false},"author":8,"featured_media":27343,"comment_status":"closed","ping_status":"closed","sticky":false,"template":"","format":"standard","meta":[],"categories":[142,121,163],"tags":[],"_links":{"self":[{"href":"https:\/\/rna.ao\/rna.ao\/wp-json\/wp\/v2\/posts\/99043"}],"collection":[{"href":"https:\/\/rna.ao\/rna.ao\/wp-json\/wp\/v2\/posts"}],"about":[{"href":"https:\/\/rna.ao\/rna.ao\/wp-json\/wp\/v2\/types\/post"}],"author":[{"embeddable":true,"href":"https:\/\/rna.ao\/rna.ao\/wp-json\/wp\/v2\/users\/8"}],"replies":[{"embeddable":true,"href":"https:\/\/rna.ao\/rna.ao\/wp-json\/wp\/v2\/comments?post=99043"}],"version-history":[{"count":3,"href":"https:\/\/rna.ao\/rna.ao\/wp-json\/wp\/v2\/posts\/99043\/revisions"}],"predecessor-version":[{"id":99047,"href":"https:\/\/rna.ao\/rna.ao\/wp-json\/wp\/v2\/posts\/99043\/revisions\/99047"}],"wp:featuredmedia":[{"embeddable":true,"href":"https:\/\/rna.ao\/rna.ao\/wp-json\/wp\/v2\/media\/27343"}],"wp:attachment":[{"href":"https:\/\/rna.ao\/rna.ao\/wp-json\/wp\/v2\/media?parent=99043"}],"wp:term":[{"taxonomy":"category","embeddable":true,"href":"https:\/\/rna.ao\/rna.ao\/wp-json\/wp\/v2\/categories?post=99043"},{"taxonomy":"post_tag","embeddable":true,"href":"https:\/\/rna.ao\/rna.ao\/wp-json\/wp\/v2\/tags?post=99043"}],"curies":[{"name":"wp","href":"https:\/\/api.w.org\/{rel}","templated":true}]}}