{"id":99037,"date":"2023-04-07T07:10:44","date_gmt":"2023-04-07T06:10:44","guid":{"rendered":"https:\/\/rna.ao\/rna.ao\/?p=99037"},"modified":"2023-04-07T07:10:44","modified_gmt":"2023-04-07T06:10:44","slug":"acordo-de-exploracao-angola-coloca-a-disposicao-da-namibia-infra-estruturas-de-apoio-a-industria-petrolifera","status":"publish","type":"post","link":"https:\/\/rna.ao\/rna.ao\/2023\/04\/07\/acordo-de-exploracao-angola-coloca-a-disposicao-da-namibia-infra-estruturas-de-apoio-a-industria-petrolifera\/","title":{"rendered":"Acordo de explora\u00e7\u00e3o: Angola coloca \u00e0 disposi\u00e7\u00e3o da Nam\u00edbia infra-estruturas de apoio \u00e0 ind\u00fastria petrol\u00edfera"},"content":{"rendered":"<p><img loading=\"lazy\" class=\"size-full wp-image-99040 aligncenter\" src=\"https:\/\/rna.ao\/rna.ao\/wp-content\/uploads\/2023\/04\/Angola-Namibia-acordo-de-petroleo.jpg\" alt=\"\" width=\"720\" height=\"540\" \/>Angola e Nam\u00edbia assinaram quinta-feira, 06\/04, um acordo de investimentos, no dom\u00ednio da explora\u00e7\u00e3o de petr\u00f3leo e g\u00e1s. O dado foi avan\u00e7ado pelo Ministro dos Recursos Minerais, Petr\u00f3leo e G\u00e1s, Diamantino Azevedo, no final da visita de trabalho de dois dias que efectuou ao pa\u00eds vizinho.<\/p>\n<p>O Ministro Diamantino Azevedo assegura que existe oportunidades para realizar investimentos conjuntos, pelo que Angola pretende investir, naquele pa\u00eds, nos sectores do petr\u00f3leo, g\u00e1s e outros recursos mineras. Clique no \u00e1udio e ou\u00e7a:<\/p>\n\t<div class=\"qtmplayer-playlist-large\">\n\t\t<ul class=\"qtmplayer-playlist\">\n\t\t\t\n\t\t\t\t\t<li class=\"qtmplayer-trackitem\">\n\t\t<img src=\"https:\/\/rna.ao\/rna.ao\/wp-content\/uploads\/2023\/04\/Angola-Namibia-acordo-de-petroleo-1-100x100.jpg\" alt=\"cover\">\t\t<span \t\t\tdata-qtmplayer-cover=\"https:\/\/rna.ao\/rna.ao\/wp-content\/uploads\/2023\/04\/Angola-Namibia-acordo-de-petroleo-1.jpg\"\n\t\t\t\t\t\tdata-qtmplayer-file=\"https:\/\/rna.ao\/rna.ao\/wp-content\/uploads\/2023\/04\/DIAMANTINO-AZEVEDO-1-07HRS.mp3\"\n\t\t\t\t\t\tdata-qtmplayer-title=\"Acordo de explora\u00e7\u00e3o: Angola coloca \u00e0 disposi\u00e7\u00e3o da Nam\u00edbia infra-estruturas de apoio \u00e0 ind\u00fastria petrol\u00edfera\"\n\t\t\t\t\t\tdata-qtmplayer-artist=\"RNA\"\n\t\t\t\t\t\tdata-qtmplayer-link=\"https:\/\/rna.ao\/rna.ao\/2023\/04\/07\/acordo-de-exploracao-angola-coloca-a-disposicao-da-namibia-infra-estruturas-de-apoio-a-industria-petrolifera\/\"\n\t\t\t\t\t\tdata-qtmplayer-icon=\"file_download\"\n\t\t\t\t\t\tdata-qtmplayer-type=\"track\"\n\t\t\t class=\"qtmplayer-play qtmplayer-link-sec qtmplayer-play-btn\"><i class='material-icons'>play_arrow<\/i><\/span>\n\t\t<p>\n\t\t\t<span class=\"qtmplayer-tit\">Acordo de explora\u00e7\u00e3o: Angola coloca \u00e0 disposi\u00e7\u00e3o da Nam\u00edbia infra-estruturas de apoio \u00e0 ind\u00fastria petrol\u00edfera<\/span>\n\t\t\t<span class=\"qtmplayer-art\">RNA<\/span>\n\t\t<\/p>\n\t<\/li>\n\t\t<\/ul>\n\t<\/div>\t\t\t\n\t\n<p>Diamantino Azevedo fez saber ainda, que Angola vai colocar \u00e0 disposi\u00e7\u00e3o da Nam\u00edbia as suas infra-estruturas de apoio \u00e0 ind\u00fastria petrol\u00edfera. Clique no \u00e1udio e ou\u00e7a:<\/p>\n\t<div class=\"qtmplayer-playlist-large\">\n\t\t<ul class=\"qtmplayer-playlist\">\n\t\t\t\n\t\t\t\t\t<li class=\"qtmplayer-trackitem\">\n\t\t<img src=\"https:\/\/rna.ao\/rna.ao\/wp-content\/uploads\/2023\/04\/Angola-Namibia-acordo-de-petroleo-1-100x100.jpg\" alt=\"cover\">\t\t<span \t\t\tdata-qtmplayer-cover=\"https:\/\/rna.ao\/rna.ao\/wp-content\/uploads\/2023\/04\/Angola-Namibia-acordo-de-petroleo-1.jpg\"\n\t\t\t\t\t\tdata-qtmplayer-file=\"https:\/\/rna.ao\/rna.ao\/wp-content\/uploads\/2023\/04\/DIAMANTINO-AZEVEDO-2-07HRS.mp3\"\n\t\t\t\t\t\tdata-qtmplayer-title=\"Acordo de explora\u00e7\u00e3o: Angola coloca \u00e0 disposi\u00e7\u00e3o da Nam\u00edbia infra-estruturas de apoio \u00e0 ind\u00fastria petrol\u00edfera\"\n\t\t\t\t\t\tdata-qtmplayer-artist=\"RNA\"\n\t\t\t\t\t\tdata-qtmplayer-link=\"https:\/\/rna.ao\/rna.ao\/2023\/04\/07\/acordo-de-exploracao-angola-coloca-a-disposicao-da-namibia-infra-estruturas-de-apoio-a-industria-petrolifera\/\"\n\t\t\t\t\t\tdata-qtmplayer-icon=\"file_download\"\n\t\t\t\t\t\tdata-qtmplayer-type=\"track\"\n\t\t\t class=\"qtmplayer-play qtmplayer-link-sec qtmplayer-play-btn\"><i class='material-icons'>play_arrow<\/i><\/span>\n\t\t<p>\n\t\t\t<span class=\"qtmplayer-tit\">Acordo de explora\u00e7\u00e3o: Angola coloca \u00e0 disposi\u00e7\u00e3o da Nam\u00edbia infra-estruturas de apoio \u00e0 ind\u00fastria petrol\u00edfera<\/span>\n\t\t\t<span class=\"qtmplayer-art\">RNA<\/span>\n\t\t<\/p>\n\t<\/li>\n\t\t<\/ul>\n\t<\/div>\t\t\t\n\t\n<p>Fonte: RNA<\/p>\n<p>&nbsp;<\/p>\n<p>&nbsp;<\/p>\n","protected":false},"excerpt":{"rendered":"<p>Angola e Nam\u00edbia assinaram quinta-feira, 06\/04, um acordo de investimentos, no dom\u00ednio da explora\u00e7\u00e3o de petr\u00f3leo e g\u00e1s. O dado foi avan\u00e7ado pelo Ministro dos Recursos Minerais, Petr\u00f3leo e G\u00e1s, Diamantino Azevedo, no final da visita de trabalho de dois dias que efectuou ao pa\u00eds vizinho. O Ministro Diamantino Azevedo ...<\/p>\n","protected":false},"author":8,"featured_media":99041,"comment_status":"closed","ping_status":"closed","sticky":false,"template":"","format":"standard","meta":[],"categories":[142,121,163],"tags":[],"_links":{"self":[{"href":"https:\/\/rna.ao\/rna.ao\/wp-json\/wp\/v2\/posts\/99037"}],"collection":[{"href":"https:\/\/rna.ao\/rna.ao\/wp-json\/wp\/v2\/posts"}],"about":[{"href":"https:\/\/rna.ao\/rna.ao\/wp-json\/wp\/v2\/types\/post"}],"author":[{"embeddable":true,"href":"https:\/\/rna.ao\/rna.ao\/wp-json\/wp\/v2\/users\/8"}],"replies":[{"embeddable":true,"href":"https:\/\/rna.ao\/rna.ao\/wp-json\/wp\/v2\/comments?post=99037"}],"version-history":[{"count":1,"href":"https:\/\/rna.ao\/rna.ao\/wp-json\/wp\/v2\/posts\/99037\/revisions"}],"predecessor-version":[{"id":99042,"href":"https:\/\/rna.ao\/rna.ao\/wp-json\/wp\/v2\/posts\/99037\/revisions\/99042"}],"wp:featuredmedia":[{"embeddable":true,"href":"https:\/\/rna.ao\/rna.ao\/wp-json\/wp\/v2\/media\/99041"}],"wp:attachment":[{"href":"https:\/\/rna.ao\/rna.ao\/wp-json\/wp\/v2\/media?parent=99037"}],"wp:term":[{"taxonomy":"category","embeddable":true,"href":"https:\/\/rna.ao\/rna.ao\/wp-json\/wp\/v2\/categories?post=99037"},{"taxonomy":"post_tag","embeddable":true,"href":"https:\/\/rna.ao\/rna.ao\/wp-json\/wp\/v2\/tags?post=99037"}],"curies":[{"name":"wp","href":"https:\/\/api.w.org\/{rel}","templated":true}]}}