{"id":99035,"date":"2023-04-07T07:50:31","date_gmt":"2023-04-07T06:50:31","guid":{"rendered":"https:\/\/rna.ao\/rna.ao\/?p=99035"},"modified":"2023-04-07T07:50:31","modified_gmt":"2023-04-07T06:50:31","slug":"cristaos-celebram-morte-e-crucificacao-de-jesus-cristo-com-apelo-ao-perdao-e-amor-entre-os-fieis","status":"publish","type":"post","link":"https:\/\/rna.ao\/rna.ao\/2023\/04\/07\/cristaos-celebram-morte-e-crucificacao-de-jesus-cristo-com-apelo-ao-perdao-e-amor-entre-os-fieis\/","title":{"rendered":"Crist\u00e3os celebram morte e crucifica\u00e7\u00e3o de Jesus Cristo com apelo ao perd\u00e3o e amor entre os fi\u00e9is"},"content":{"rendered":"<p><img loading=\"lazy\" class=\"size-medium wp-image-99057 aligncenter\" src=\"https:\/\/rna.ao\/rna.ao\/wp-content\/uploads\/2023\/04\/Sexta-Feira-Santa-770x484.jpg\" alt=\"\" width=\"770\" height=\"484\" srcset=\"https:\/\/rna.ao\/rna.ao\/wp-content\/uploads\/2023\/04\/Sexta-Feira-Santa-770x484.jpg 770w, https:\/\/rna.ao\/rna.ao\/wp-content\/uploads\/2023\/04\/Sexta-Feira-Santa-768x483.jpg 768w, https:\/\/rna.ao\/rna.ao\/wp-content\/uploads\/2023\/04\/Sexta-Feira-Santa.jpg 1024w\" sizes=\"(max-width: 770px) 100vw, 770px\" \/>Os crist\u00e3os relembram hoje, 07 de abril, Sexta-feira Santa, o dia da morte e crucifica\u00e7\u00e3o de Jesus Cristo. A tamb\u00e9m chamada de Sexta Feira da Paix\u00e3o de Cristo, insere no tr\u00edduo pascal, em que se realizam as \u00faltimas celebra\u00e7\u00f5es da Semana Santa.<\/p>\n<p>O Bispo da Diocese de Benguela da Igreja Cat\u00f3lica apela aos fieis, para uma vida transformada. Dom Ant\u00f3nio Jaka falou do acto de lava p\u00e9s, como s\u00edmbolo de humildade, celebrado na quinta-feira Santa. Clique no \u00e1udio e ou\u00e7a:<\/p>\n\t<div class=\"qtmplayer-playlist-large\">\n\t\t<ul class=\"qtmplayer-playlist\">\n\t\t\t\n\t\t\t\t\t<li class=\"qtmplayer-trackitem\">\n\t\t<img src=\"https:\/\/rna.ao\/rna.ao\/wp-content\/uploads\/2023\/04\/Sexta-Feira-Santa-1-100x100.jpg\" alt=\"cover\">\t\t<span \t\t\tdata-qtmplayer-cover=\"https:\/\/rna.ao\/rna.ao\/wp-content\/uploads\/2023\/04\/Sexta-Feira-Santa-1.jpg\"\n\t\t\t\t\t\tdata-qtmplayer-file=\"https:\/\/rna.ao\/rna.ao\/wp-content\/uploads\/2023\/04\/BISPO-DOM-ANTONIO-JACA-07HRS.mp3\"\n\t\t\t\t\t\tdata-qtmplayer-title=\"Crist\u00e3os celebram morte e crucifica\u00e7\u00e3o de Jesus Cristo com apelo ao perd\u00e3o e amor entre os fi\u00e9is\"\n\t\t\t\t\t\tdata-qtmplayer-artist=\"RNA\"\n\t\t\t\t\t\tdata-qtmplayer-link=\"https:\/\/rna.ao\/rna.ao\/2023\/04\/07\/cristaos-celebram-morte-e-crucificacao-de-jesus-cristo-com-apelo-ao-perdao-e-amor-entre-os-fieis\/\"\n\t\t\t\t\t\tdata-qtmplayer-icon=\"file_download\"\n\t\t\t\t\t\tdata-qtmplayer-type=\"track\"\n\t\t\t class=\"qtmplayer-play qtmplayer-link-sec qtmplayer-play-btn\"><i class='material-icons'>play_arrow<\/i><\/span>\n\t\t<p>\n\t\t\t<span class=\"qtmplayer-tit\">Crist\u00e3os celebram morte e crucifica\u00e7\u00e3o de Jesus Cristo com apelo ao perd\u00e3o e amor entre os fi\u00e9is<\/span>\n\t\t\t<span class=\"qtmplayer-art\">RNA<\/span>\n\t\t<\/p>\n\t<\/li>\n\t\t<\/ul>\n\t<\/div>\t\t\t\n\t\n<p>E o Pastor da IECA, Igreja Evang\u00e9lica Congregacional de Angola, em Luanda, Lusitano Butica, aconselha as fam\u00edlias, neste per\u00edodo, a refletir sobre o perd\u00e3o e reconcilia\u00e7\u00e3o. Clique no \u00e1udio e ou\u00e7a:<\/p>\n\t<div class=\"qtmplayer-playlist-large\">\n\t\t<ul class=\"qtmplayer-playlist\">\n\t\t\t\n\t\t\t\t\t<li class=\"qtmplayer-trackitem\">\n\t\t<img src=\"https:\/\/rna.ao\/rna.ao\/wp-content\/uploads\/2023\/04\/Sexta-Feira-Santa-1-100x100.jpg\" alt=\"cover\">\t\t<span \t\t\tdata-qtmplayer-cover=\"https:\/\/rna.ao\/rna.ao\/wp-content\/uploads\/2023\/04\/Sexta-Feira-Santa-1.jpg\"\n\t\t\t\t\t\tdata-qtmplayer-file=\"https:\/\/rna.ao\/rna.ao\/wp-content\/uploads\/2023\/04\/LUSITANO-BOTICA-IECA-07HRS.mp3\"\n\t\t\t\t\t\tdata-qtmplayer-title=\"Crist\u00e3os celebram morte e crucifica\u00e7\u00e3o de Jesus Cristo com apelo ao perd\u00e3o e amor entre os fi\u00e9is\"\n\t\t\t\t\t\tdata-qtmplayer-artist=\"RNA\"\n\t\t\t\t\t\tdata-qtmplayer-link=\"https:\/\/rna.ao\/rna.ao\/2023\/04\/07\/cristaos-celebram-morte-e-crucificacao-de-jesus-cristo-com-apelo-ao-perdao-e-amor-entre-os-fieis\/\"\n\t\t\t\t\t\tdata-qtmplayer-icon=\"file_download\"\n\t\t\t\t\t\tdata-qtmplayer-type=\"track\"\n\t\t\t class=\"qtmplayer-play qtmplayer-link-sec qtmplayer-play-btn\"><i class='material-icons'>play_arrow<\/i><\/span>\n\t\t<p>\n\t\t\t<span class=\"qtmplayer-tit\">Crist\u00e3os celebram morte e crucifica\u00e7\u00e3o de Jesus Cristo com apelo ao perd\u00e3o e amor entre os fi\u00e9is<\/span>\n\t\t\t<span class=\"qtmplayer-art\">RNA<\/span>\n\t\t<\/p>\n\t<\/li>\n\t\t<\/ul>\n\t<\/div>\t\t\t\n\t\n<p>E na Prov\u00edncia do Bengo, para os fieis crist\u00e3os, o momento \u00e9 de reflex\u00e3o sobre o que representa o Calv\u00e1rio vivido por Jesus Cristo. saiba mais, no \u00e1udio abaixo, com o rep\u00f3rter Agner dos Santos Elvas:<\/p>\n\t<div class=\"qtmplayer-playlist-large\">\n\t\t<ul class=\"qtmplayer-playlist\">\n\t\t\t\n\t\t\t\t\t<li class=\"qtmplayer-trackitem\">\n\t\t<img src=\"https:\/\/rna.ao\/rna.ao\/wp-content\/uploads\/2023\/04\/Sexta-Feira-Santa-1-100x100.jpg\" alt=\"cover\">\t\t<span \t\t\tdata-qtmplayer-cover=\"https:\/\/rna.ao\/rna.ao\/wp-content\/uploads\/2023\/04\/Sexta-Feira-Santa-1.jpg\"\n\t\t\t\t\t\tdata-qtmplayer-file=\"https:\/\/rna.ao\/rna.ao\/wp-content\/uploads\/2023\/04\/BENGO-SEXTA-FEIRA-SANTA-07HRS.mp3\"\n\t\t\t\t\t\tdata-qtmplayer-title=\"Crist\u00e3os celebram morte e crucifica\u00e7\u00e3o de Jesus Cristo com apelo ao perd\u00e3o e amor entre os fi\u00e9is\"\n\t\t\t\t\t\tdata-qtmplayer-artist=\"RNA\"\n\t\t\t\t\t\tdata-qtmplayer-link=\"https:\/\/rna.ao\/rna.ao\/2023\/04\/07\/cristaos-celebram-morte-e-crucificacao-de-jesus-cristo-com-apelo-ao-perdao-e-amor-entre-os-fieis\/\"\n\t\t\t\t\t\tdata-qtmplayer-icon=\"file_download\"\n\t\t\t\t\t\tdata-qtmplayer-type=\"track\"\n\t\t\t class=\"qtmplayer-play qtmplayer-link-sec qtmplayer-play-btn\"><i class='material-icons'>play_arrow<\/i><\/span>\n\t\t<p>\n\t\t\t<span class=\"qtmplayer-tit\">Crist\u00e3os celebram morte e crucifica\u00e7\u00e3o de Jesus Cristo com apelo ao perd\u00e3o e amor entre os fi\u00e9is<\/span>\n\t\t\t<span class=\"qtmplayer-art\">RNA<\/span>\n\t\t<\/p>\n\t<\/li>\n\t\t<\/ul>\n\t<\/div>\t\t\t\n\t\n<p>Fonte: RNA<\/p>\n<p>&nbsp;<\/p>\n","protected":false},"excerpt":{"rendered":"<p>Os crist\u00e3os relembram hoje, 07 de abril, Sexta-feira Santa, o dia da morte e crucifica\u00e7\u00e3o de Jesus Cristo. A tamb\u00e9m chamada de Sexta Feira da Paix\u00e3o de Cristo, insere no tr\u00edduo pascal, em que se realizam as \u00faltimas celebra\u00e7\u00f5es da Semana Santa. O Bispo da Diocese de Benguela da Igreja ...<\/p>\n","protected":false},"author":8,"featured_media":99058,"comment_status":"closed","ping_status":"closed","sticky":false,"template":"","format":"standard","meta":[],"categories":[121,163],"tags":[],"_links":{"self":[{"href":"https:\/\/rna.ao\/rna.ao\/wp-json\/wp\/v2\/posts\/99035"}],"collection":[{"href":"https:\/\/rna.ao\/rna.ao\/wp-json\/wp\/v2\/posts"}],"about":[{"href":"https:\/\/rna.ao\/rna.ao\/wp-json\/wp\/v2\/types\/post"}],"author":[{"embeddable":true,"href":"https:\/\/rna.ao\/rna.ao\/wp-json\/wp\/v2\/users\/8"}],"replies":[{"embeddable":true,"href":"https:\/\/rna.ao\/rna.ao\/wp-json\/wp\/v2\/comments?post=99035"}],"version-history":[{"count":1,"href":"https:\/\/rna.ao\/rna.ao\/wp-json\/wp\/v2\/posts\/99035\/revisions"}],"predecessor-version":[{"id":99059,"href":"https:\/\/rna.ao\/rna.ao\/wp-json\/wp\/v2\/posts\/99035\/revisions\/99059"}],"wp:featuredmedia":[{"embeddable":true,"href":"https:\/\/rna.ao\/rna.ao\/wp-json\/wp\/v2\/media\/99058"}],"wp:attachment":[{"href":"https:\/\/rna.ao\/rna.ao\/wp-json\/wp\/v2\/media?parent=99035"}],"wp:term":[{"taxonomy":"category","embeddable":true,"href":"https:\/\/rna.ao\/rna.ao\/wp-json\/wp\/v2\/categories?post=99035"},{"taxonomy":"post_tag","embeddable":true,"href":"https:\/\/rna.ao\/rna.ao\/wp-json\/wp\/v2\/tags?post=99035"}],"curies":[{"name":"wp","href":"https:\/\/api.w.org\/{rel}","templated":true}]}}