{"id":99025,"date":"2023-04-07T07:01:09","date_gmt":"2023-04-07T06:01:09","guid":{"rendered":"https:\/\/rna.ao\/rna.ao\/?p=99025"},"modified":"2023-04-07T07:01:09","modified_gmt":"2023-04-07T06:01:09","slug":"ate-2030-implementacao-da-zona-franca-da-barra-do-dande-vai-gerar-260-mil-empregos","status":"publish","type":"post","link":"https:\/\/rna.ao\/rna.ao\/2023\/04\/07\/ate-2030-implementacao-da-zona-franca-da-barra-do-dande-vai-gerar-260-mil-empregos\/","title":{"rendered":"At\u00e9 2030, implementa\u00e7\u00e3o da Zona Franca da Barra do Dande vai gerar 260 mil empregos"},"content":{"rendered":"<p><img loading=\"lazy\" class=\"alignnone size-medium wp-image-99028\" src=\"https:\/\/rna.ao\/rna.ao\/wp-content\/uploads\/2023\/04\/IMG-20230406-WA0091-770x532.jpg\" alt=\"\" width=\"770\" height=\"532\" srcset=\"https:\/\/rna.ao\/rna.ao\/wp-content\/uploads\/2023\/04\/IMG-20230406-WA0091-770x532.jpg 770w, https:\/\/rna.ao\/rna.ao\/wp-content\/uploads\/2023\/04\/IMG-20230406-WA0091-768x530.jpg 768w, https:\/\/rna.ao\/rna.ao\/wp-content\/uploads\/2023\/04\/IMG-20230406-WA0091.jpg 1080w\" sizes=\"(max-width: 770px) 100vw, 770px\" \/>A Sociedade de Desenvolvimento da Zona Franca da Barra do Dande mant\u00e9m o seu foco de gera\u00e7\u00e3o de duzentos e sessenta mil empregos, at\u00e9 2030.<\/p>\n<p>A animar a materializa\u00e7\u00e3o desta meta est\u00e3o os memorandos assinados, recentemente, com a multinacional Toyota e a entidade que superintende a Zona Franca de Manaus, no Brasil.<\/p>\n<p>No caso do memorando com a nip\u00f3nica Toyota, a \u00e1rea de interesse \u00e9 o fornecimento de energias renov\u00e1veis. Saiba mais, no \u00e1udio abaixo, com o rep\u00f3rter Eduardo Mota:<\/p>\n\t<div class=\"qtmplayer-playlist-large\">\n\t\t<ul class=\"qtmplayer-playlist\">\n\t\t\t\n\t\t\t\t\t<li class=\"qtmplayer-trackitem\">\n\t\t<img src=\"https:\/\/rna.ao\/rna.ao\/wp-content\/uploads\/2023\/04\/a1-100x100.jpg\" alt=\"cover\">\t\t<span \t\t\tdata-qtmplayer-cover=\"https:\/\/rna.ao\/rna.ao\/wp-content\/uploads\/2023\/04\/a1.jpg\"\n\t\t\t\t\t\tdata-qtmplayer-file=\"https:\/\/rna.ao\/rna.ao\/wp-content\/uploads\/2023\/04\/BENGO-ZONA-FRANCA-07HRS.mp3\"\n\t\t\t\t\t\tdata-qtmplayer-title=\"At\u00e9 2030, implementa\u00e7\u00e3o da Zona Franca da Barra do Dande vai gerar 260 mil empregos\"\n\t\t\t\t\t\tdata-qtmplayer-artist=\"RNA\"\n\t\t\t\t\t\tdata-qtmplayer-link=\"https:\/\/rna.ao\/rna.ao\/2023\/04\/07\/ate-2030-implementacao-da-zona-franca-da-barra-do-dande-vai-gerar-260-mil-empregos\/\"\n\t\t\t\t\t\tdata-qtmplayer-icon=\"file_download\"\n\t\t\t\t\t\tdata-qtmplayer-type=\"track\"\n\t\t\t class=\"qtmplayer-play qtmplayer-link-sec qtmplayer-play-btn\"><i class='material-icons'>play_arrow<\/i><\/span>\n\t\t<p>\n\t\t\t<span class=\"qtmplayer-tit\">At\u00e9 2030, implementa\u00e7\u00e3o da Zona Franca da Barra do Dande vai gerar 260 mil empregos<\/span>\n\t\t\t<span class=\"qtmplayer-art\">RNA<\/span>\n\t\t<\/p>\n\t<\/li>\n\t\t<\/ul>\n\t<\/div>\t\t\t\n\t\n<p>Fonte: RNA<\/p>\n","protected":false},"excerpt":{"rendered":"<p>A Sociedade de Desenvolvimento da Zona Franca da Barra do Dande mant\u00e9m o seu foco de gera\u00e7\u00e3o de duzentos e sessenta mil empregos, at\u00e9 2030. A animar a materializa\u00e7\u00e3o desta meta est\u00e3o os memorandos assinados, recentemente, com a multinacional Toyota e a entidade que superintende a Zona Franca de Manaus, ...<\/p>\n","protected":false},"author":8,"featured_media":99030,"comment_status":"closed","ping_status":"closed","sticky":false,"template":"","format":"standard","meta":[],"categories":[142,121,164,163],"tags":[],"_links":{"self":[{"href":"https:\/\/rna.ao\/rna.ao\/wp-json\/wp\/v2\/posts\/99025"}],"collection":[{"href":"https:\/\/rna.ao\/rna.ao\/wp-json\/wp\/v2\/posts"}],"about":[{"href":"https:\/\/rna.ao\/rna.ao\/wp-json\/wp\/v2\/types\/post"}],"author":[{"embeddable":true,"href":"https:\/\/rna.ao\/rna.ao\/wp-json\/wp\/v2\/users\/8"}],"replies":[{"embeddable":true,"href":"https:\/\/rna.ao\/rna.ao\/wp-json\/wp\/v2\/comments?post=99025"}],"version-history":[{"count":3,"href":"https:\/\/rna.ao\/rna.ao\/wp-json\/wp\/v2\/posts\/99025\/revisions"}],"predecessor-version":[{"id":99031,"href":"https:\/\/rna.ao\/rna.ao\/wp-json\/wp\/v2\/posts\/99025\/revisions\/99031"}],"wp:featuredmedia":[{"embeddable":true,"href":"https:\/\/rna.ao\/rna.ao\/wp-json\/wp\/v2\/media\/99030"}],"wp:attachment":[{"href":"https:\/\/rna.ao\/rna.ao\/wp-json\/wp\/v2\/media?parent=99025"}],"wp:term":[{"taxonomy":"category","embeddable":true,"href":"https:\/\/rna.ao\/rna.ao\/wp-json\/wp\/v2\/categories?post=99025"},{"taxonomy":"post_tag","embeddable":true,"href":"https:\/\/rna.ao\/rna.ao\/wp-json\/wp\/v2\/tags?post=99025"}],"curies":[{"name":"wp","href":"https:\/\/api.w.org\/{rel}","templated":true}]}}