{"id":99014,"date":"2023-04-07T06:28:16","date_gmt":"2023-04-07T05:28:16","guid":{"rendered":"https:\/\/rna.ao\/rna.ao\/?p=99014"},"modified":"2023-04-07T06:28:16","modified_gmt":"2023-04-07T05:28:16","slug":"zonais-escolares-no-pais-entram-no-terceiro-dia-de-provas","status":"publish","type":"post","link":"https:\/\/rna.ao\/rna.ao\/2023\/04\/07\/zonais-escolares-no-pais-entram-no-terceiro-dia-de-provas\/","title":{"rendered":"Zonais escolares no pa\u00eds entram no terceiro dia de provas"},"content":{"rendered":"<p style=\"font-weight: 400;\"><img loading=\"lazy\" class=\"size-medium wp-image-99017 aligncenter\" src=\"https:\/\/rna.ao\/rna.ao\/wp-content\/uploads\/2023\/04\/Zonais-escolares-770x433.jpg\" alt=\"\" width=\"770\" height=\"433\" srcset=\"https:\/\/rna.ao\/rna.ao\/wp-content\/uploads\/2023\/04\/Zonais-escolares-770x433.jpg 770w, https:\/\/rna.ao\/rna.ao\/wp-content\/uploads\/2023\/04\/Zonais-escolares-1170x658.jpg 1170w, https:\/\/rna.ao\/rna.ao\/wp-content\/uploads\/2023\/04\/Zonais-escolares-768x432.jpg 768w, https:\/\/rna.ao\/rna.ao\/wp-content\/uploads\/2023\/04\/Zonais-escolares.jpg 1280w\" sizes=\"(max-width: 770px) 100vw, 770px\" \/>Os zonais escolares que decorrem no sul, centro \u00a0e norte do pa\u00eds qualificativo dos jogos desportivos nacionais entra hoje, 07 de Abril, no seu terceiro dia de prova. No Cuanza-Norte, regi\u00e3o centro o\u00a0 jornalista Rui Lima traz o cartaz do \u00a0terceiro dia de competi\u00e7\u00e3o. Clique no \u00e1udio e ou\u00e7a:<\/p>\n\t<div class=\"qtmplayer-playlist-large\">\n\t\t<ul class=\"qtmplayer-playlist\">\n\t\t\t\n\t\t\t\t\t<li class=\"qtmplayer-trackitem\">\n\t\t<img src=\"https:\/\/rna.ao\/rna.ao\/wp-content\/uploads\/2023\/04\/Zonais-escolares-1-100x100.jpg\" alt=\"cover\">\t\t<span \t\t\tdata-qtmplayer-cover=\"https:\/\/rna.ao\/rna.ao\/wp-content\/uploads\/2023\/04\/Zonais-escolares-1.jpg\"\n\t\t\t\t\t\tdata-qtmplayer-file=\"https:\/\/rna.ao\/rna.ao\/wp-content\/uploads\/2023\/04\/J-M-10-RUI-LIMA-07-04-23.mp3\"\n\t\t\t\t\t\tdata-qtmplayer-title=\"Zonais escolares no pa\u00eds entram no terceiro dia de provas\"\n\t\t\t\t\t\tdata-qtmplayer-artist=\"RNA\"\n\t\t\t\t\t\tdata-qtmplayer-link=\"https:\/\/rna.ao\/rna.ao\/2023\/04\/07\/zonais-escolares-no-pais-entram-no-terceiro-dia-de-provas\/\"\n\t\t\t\t\t\tdata-qtmplayer-icon=\"file_download\"\n\t\t\t\t\t\tdata-qtmplayer-type=\"track\"\n\t\t\t class=\"qtmplayer-play qtmplayer-link-sec qtmplayer-play-btn\"><i class='material-icons'>play_arrow<\/i><\/span>\n\t\t<p>\n\t\t\t<span class=\"qtmplayer-tit\">Zonais escolares no pa\u00eds entram no terceiro dia de provas<\/span>\n\t\t\t<span class=\"qtmplayer-art\">RNA<\/span>\n\t\t<\/p>\n\t<\/li>\n\t\t<\/ul>\n\t<\/div>\t\t\t\n\t\n<p style=\"font-weight: 400;\">Em Cabinda o jornalista Sitanio Agostinho, acompanha a prova e d\u00e1-nos a ouvir as novidades pelas terras da Floresta do Mayombe. Clique no \u00e1udio e ou\u00e7a:<\/p>\n\t<div class=\"qtmplayer-playlist-large\">\n\t\t<ul class=\"qtmplayer-playlist\">\n\t\t\t\n\t\t\t\t\t<li class=\"qtmplayer-trackitem\">\n\t\t<img src=\"https:\/\/rna.ao\/rna.ao\/wp-content\/uploads\/2023\/04\/Zonais-escolares-1-100x100.jpg\" alt=\"cover\">\t\t<span \t\t\tdata-qtmplayer-cover=\"https:\/\/rna.ao\/rna.ao\/wp-content\/uploads\/2023\/04\/Zonais-escolares-1.jpg\"\n\t\t\t\t\t\tdata-qtmplayer-file=\"https:\/\/rna.ao\/rna.ao\/wp-content\/uploads\/2023\/04\/J-M-11-SITANIO-AGOSTINHO-07-04-2023.mp3\"\n\t\t\t\t\t\tdata-qtmplayer-title=\"Zonais escolares no pa\u00eds entram no terceiro dia de provas\"\n\t\t\t\t\t\tdata-qtmplayer-artist=\"RNA\"\n\t\t\t\t\t\tdata-qtmplayer-link=\"https:\/\/rna.ao\/rna.ao\/2023\/04\/07\/zonais-escolares-no-pais-entram-no-terceiro-dia-de-provas\/\"\n\t\t\t\t\t\tdata-qtmplayer-icon=\"file_download\"\n\t\t\t\t\t\tdata-qtmplayer-type=\"track\"\n\t\t\t class=\"qtmplayer-play qtmplayer-link-sec qtmplayer-play-btn\"><i class='material-icons'>play_arrow<\/i><\/span>\n\t\t<p>\n\t\t\t<span class=\"qtmplayer-tit\">Zonais escolares no pa\u00eds entram no terceiro dia de provas<\/span>\n\t\t\t<span class=\"qtmplayer-art\">RNA<\/span>\n\t\t<\/p>\n\t<\/li>\n\t\t<\/ul>\n\t<\/div>\t\t\t\n\t\n<p style=\"font-weight: 400;\">Fonte: R\u00e1dio 5\/RNA<\/p>\n","protected":false},"excerpt":{"rendered":"<p>Os zonais escolares que decorrem no sul, centro \u00a0e norte do pa\u00eds qualificativo dos jogos desportivos nacionais entra hoje, 07 de Abril, no seu terceiro dia de prova. No Cuanza-Norte, regi\u00e3o centro o\u00a0 jornalista Rui Lima traz o cartaz do \u00a0terceiro dia de competi\u00e7\u00e3o. Clique no \u00e1udio e ou\u00e7a: Em ...<\/p>\n","protected":false},"author":8,"featured_media":99018,"comment_status":"closed","ping_status":"closed","sticky":false,"template":"","format":"standard","meta":[],"categories":[145,125,164],"tags":[],"_links":{"self":[{"href":"https:\/\/rna.ao\/rna.ao\/wp-json\/wp\/v2\/posts\/99014"}],"collection":[{"href":"https:\/\/rna.ao\/rna.ao\/wp-json\/wp\/v2\/posts"}],"about":[{"href":"https:\/\/rna.ao\/rna.ao\/wp-json\/wp\/v2\/types\/post"}],"author":[{"embeddable":true,"href":"https:\/\/rna.ao\/rna.ao\/wp-json\/wp\/v2\/users\/8"}],"replies":[{"embeddable":true,"href":"https:\/\/rna.ao\/rna.ao\/wp-json\/wp\/v2\/comments?post=99014"}],"version-history":[{"count":1,"href":"https:\/\/rna.ao\/rna.ao\/wp-json\/wp\/v2\/posts\/99014\/revisions"}],"predecessor-version":[{"id":99019,"href":"https:\/\/rna.ao\/rna.ao\/wp-json\/wp\/v2\/posts\/99014\/revisions\/99019"}],"wp:featuredmedia":[{"embeddable":true,"href":"https:\/\/rna.ao\/rna.ao\/wp-json\/wp\/v2\/media\/99018"}],"wp:attachment":[{"href":"https:\/\/rna.ao\/rna.ao\/wp-json\/wp\/v2\/media?parent=99014"}],"wp:term":[{"taxonomy":"category","embeddable":true,"href":"https:\/\/rna.ao\/rna.ao\/wp-json\/wp\/v2\/categories?post=99014"},{"taxonomy":"post_tag","embeddable":true,"href":"https:\/\/rna.ao\/rna.ao\/wp-json\/wp\/v2\/tags?post=99014"}],"curies":[{"name":"wp","href":"https:\/\/api.w.org\/{rel}","templated":true}]}}