{"id":9901,"date":"2020-10-28T03:33:43","date_gmt":"2020-10-28T02:33:43","guid":{"rendered":"https:\/\/rna.ao\/rna.ao\/?p=9901"},"modified":"2020-10-28T03:33:43","modified_gmt":"2020-10-28T02:33:43","slug":"futebol-feminino-angolano-esta-no-ano-zero-miller-gomes","status":"publish","type":"post","link":"https:\/\/rna.ao\/rna.ao\/2020\/10\/28\/futebol-feminino-angolano-esta-no-ano-zero-miller-gomes\/","title":{"rendered":"Futebol feminino angolano est\u00e1 no \u201cano zero\u201d \u2013 Miller Gomes"},"content":{"rendered":"<p><img loading=\"lazy\" class=\"wp-image-9907 alignleft\" src=\"https:\/\/rna.ao\/rna.ao\/wp-content\/uploads\/2020\/10\/Miller-Gomes.jpg\" alt=\"\" width=\"286\" height=\"190\" \/><\/p>\n<p>A selec\u00e7\u00e3o angolana s\u00e9nior feminina de futebol vai participar nos dias 13 e 14 de Novembro, num torneio, com as cong\u00e9neres dos pa\u00edses da SADC, a \u00c1frica do Sul.<\/p>\n<p>Falando sobre a selec\u00e7\u00e3o nacional, que vai merecer um apoio especial da Federa\u00e7\u00e3o Angolana de Futebol, o director t\u00e9cnico do \u00f3rg\u00e3o reitor da modalidade, Miller Gomes, disse que estamos no \u201cano zero\u201d, em rela\u00e7\u00e3o ao futebol feminino que, de acordo com as normas da FIFA tem de ter o seu devido espa\u00e7o. Clique no \u00e1udio, em baixo, e ou\u00e7a:<\/p>\n\t<div class=\"qtmplayer-playlist-large\">\n\t\t<ul class=\"qtmplayer-playlist\">\n\t\t\t\n\t\t\t\t\t<li class=\"qtmplayer-trackitem\">\n\t\t<img src=\"https:\/\/rna.ao\/rna.ao\/wp-content\/uploads\/2020\/10\/Miller-Gomes-100x100.jpg\" alt=\"cover\">\t\t<span \t\t\tdata-qtmplayer-cover=\"https:\/\/rna.ao\/rna.ao\/wp-content\/uploads\/2020\/10\/Miller-Gomes-370x370.jpg\"\n\t\t\t\t\t\tdata-qtmplayer-file=\"https:\/\/rna.ao\/rna.ao\/wp-content\/uploads\/2020\/10\/MILLER-GOMES.mp3\"\n\t\t\t\t\t\tdata-qtmplayer-title=\"Futebol feminino angolano est\u00e1 no \u201cano zero\u201d \u2013 Miller Gomes\"\n\t\t\t\t\t\tdata-qtmplayer-artist=\"RNA\"\n\t\t\t\t\t\tdata-qtmplayer-link=\"https:\/\/rna.ao\/rna.ao\/2020\/10\/28\/futebol-feminino-angolano-esta-no-ano-zero-miller-gomes\/\"\n\t\t\t\t\t\tdata-qtmplayer-icon=\"file_download\"\n\t\t\t\t\t\tdata-qtmplayer-type=\"track\"\n\t\t\t class=\"qtmplayer-play qtmplayer-link-sec qtmplayer-play-btn\"><i class='material-icons'>play_arrow<\/i><\/span>\n\t\t<p>\n\t\t\t<span class=\"qtmplayer-tit\">Futebol feminino angolano est\u00e1 no \u201cano zero\u201d \u2013 Miller Gomes<\/span>\n\t\t\t<span class=\"qtmplayer-art\">RNA<\/span>\n\t\t<\/p>\n\t<\/li>\n\t\t<\/ul>\n\t<\/div>\t\t\t\n\t\n<p>Fonte: R\u00e1dio 5\/RNA<\/p>\n","protected":false},"excerpt":{"rendered":"<p>A selec\u00e7\u00e3o angolana s\u00e9nior feminina de futebol vai participar nos dias 13 e 14 de Novembro, num torneio, com as cong\u00e9neres dos pa\u00edses da SADC, a \u00c1frica do Sul. Falando sobre a selec\u00e7\u00e3o nacional, que vai merecer um apoio especial da Federa\u00e7\u00e3o Angolana de Futebol, o director t\u00e9cnico do \u00f3rg\u00e3o ...<\/p>\n","protected":false},"author":8,"featured_media":9907,"comment_status":"closed","ping_status":"closed","sticky":false,"template":"","format":"standard","meta":[],"categories":[145,125],"tags":[],"_links":{"self":[{"href":"https:\/\/rna.ao\/rna.ao\/wp-json\/wp\/v2\/posts\/9901"}],"collection":[{"href":"https:\/\/rna.ao\/rna.ao\/wp-json\/wp\/v2\/posts"}],"about":[{"href":"https:\/\/rna.ao\/rna.ao\/wp-json\/wp\/v2\/types\/post"}],"author":[{"embeddable":true,"href":"https:\/\/rna.ao\/rna.ao\/wp-json\/wp\/v2\/users\/8"}],"replies":[{"embeddable":true,"href":"https:\/\/rna.ao\/rna.ao\/wp-json\/wp\/v2\/comments?post=9901"}],"version-history":[{"count":1,"href":"https:\/\/rna.ao\/rna.ao\/wp-json\/wp\/v2\/posts\/9901\/revisions"}],"predecessor-version":[{"id":9908,"href":"https:\/\/rna.ao\/rna.ao\/wp-json\/wp\/v2\/posts\/9901\/revisions\/9908"}],"wp:featuredmedia":[{"embeddable":true,"href":"https:\/\/rna.ao\/rna.ao\/wp-json\/wp\/v2\/media\/9907"}],"wp:attachment":[{"href":"https:\/\/rna.ao\/rna.ao\/wp-json\/wp\/v2\/media?parent=9901"}],"wp:term":[{"taxonomy":"category","embeddable":true,"href":"https:\/\/rna.ao\/rna.ao\/wp-json\/wp\/v2\/categories?post=9901"},{"taxonomy":"post_tag","embeddable":true,"href":"https:\/\/rna.ao\/rna.ao\/wp-json\/wp\/v2\/tags?post=9901"}],"curies":[{"name":"wp","href":"https:\/\/api.w.org\/{rel}","templated":true}]}}