{"id":99003,"date":"2023-04-07T06:08:44","date_gmt":"2023-04-07T05:08:44","guid":{"rendered":"https:\/\/rna.ao\/rna.ao\/?p=99003"},"modified":"2023-04-07T06:08:44","modified_gmt":"2023-04-07T05:08:44","slug":"basquetebol-interclube-supera-1o-de-agosto-na-liga-azul","status":"publish","type":"post","link":"https:\/\/rna.ao\/rna.ao\/2023\/04\/07\/basquetebol-interclube-supera-1o-de-agosto-na-liga-azul\/","title":{"rendered":"Basquetebol: Interclube supera 1\u00ba de Agosto na Liga Azul"},"content":{"rendered":"<p style=\"font-weight: 400;\"><img loading=\"lazy\" class=\"size-medium wp-image-99006 aligncenter\" src=\"https:\/\/rna.ao\/rna.ao\/wp-content\/uploads\/2023\/04\/Inter-vs-DAgosto-feminino-770x513.jpg\" alt=\"\" width=\"770\" height=\"513\" srcset=\"https:\/\/rna.ao\/rna.ao\/wp-content\/uploads\/2023\/04\/Inter-vs-DAgosto-feminino-770x513.jpg 770w, https:\/\/rna.ao\/rna.ao\/wp-content\/uploads\/2023\/04\/Inter-vs-DAgosto-feminino-768x512.jpg 768w, https:\/\/rna.ao\/rna.ao\/wp-content\/uploads\/2023\/04\/Inter-vs-DAgosto-feminino.jpg 960w\" sizes=\"(max-width: 770px) 100vw, 770px\" \/>Equipa de basquetebol feminino do Grupo Desportivo Interclube supera 1\u00ba de Agosto na Liga Azul. As pol\u00edcias venceram as militares, por 76-70, no Pavilh\u00e3o 28 de Fevereiro, para a 8\u00aa jornada da competi\u00e7\u00e3o.<\/p>\n<p style=\"font-weight: 400;\">Eliza Pires, treinadora\u00a0 do Interclube, reconhece que foi uma vit\u00f3ria arrancada \u00e0 ferro e fogo. Clique no \u00e1udio e ou\u00e7a:<\/p>\n\t<div class=\"qtmplayer-playlist-large\">\n\t\t<ul class=\"qtmplayer-playlist\">\n\t\t\t\n\t\t\t\t\t<li class=\"qtmplayer-trackitem\">\n\t\t<img src=\"https:\/\/rna.ao\/rna.ao\/wp-content\/uploads\/2023\/04\/Inter-vs-DAgosto-feminino-1-100x100.jpg\" alt=\"cover\">\t\t<span \t\t\tdata-qtmplayer-cover=\"https:\/\/rna.ao\/rna.ao\/wp-content\/uploads\/2023\/04\/Inter-vs-DAgosto-feminino-1.jpg\"\n\t\t\t\t\t\tdata-qtmplayer-file=\"https:\/\/rna.ao\/rna.ao\/wp-content\/uploads\/2023\/04\/J-M-5-ELISA-PIRES-07-04-23.mp3\"\n\t\t\t\t\t\tdata-qtmplayer-title=\"Basquetebol: Interclube supera 1\u00ba de Agosto na Liga Azul\"\n\t\t\t\t\t\tdata-qtmplayer-artist=\"RNA\"\n\t\t\t\t\t\tdata-qtmplayer-link=\"https:\/\/rna.ao\/rna.ao\/2023\/04\/07\/basquetebol-interclube-supera-1o-de-agosto-na-liga-azul\/\"\n\t\t\t\t\t\tdata-qtmplayer-icon=\"file_download\"\n\t\t\t\t\t\tdata-qtmplayer-type=\"track\"\n\t\t\t class=\"qtmplayer-play qtmplayer-link-sec qtmplayer-play-btn\"><i class='material-icons'>play_arrow<\/i><\/span>\n\t\t<p>\n\t\t\t<span class=\"qtmplayer-tit\">Basquetebol: Interclube supera 1\u00ba de Agosto na Liga Azul<\/span>\n\t\t\t<span class=\"qtmplayer-art\">RNA<\/span>\n\t\t<\/p>\n\t<\/li>\n\t\t<\/ul>\n\t<\/div>\t\t\t\n\t\n<p style=\"font-weight: 400;\">Walter Costa, t\u00e9cnico do 1\u00bade Agosto, felicitou a equipa advers\u00e1ria pelo triunfo, e diz que resta trabalhar para a pr\u00f3xima fase da competi\u00e7\u00e3o. Clique no \u00e1udio e ou\u00e7a:<\/p>\n\t<div class=\"qtmplayer-playlist-large\">\n\t\t<ul class=\"qtmplayer-playlist\">\n\t\t\t\n\t\t\t\t\t<li class=\"qtmplayer-trackitem\">\n\t\t<img src=\"https:\/\/rna.ao\/rna.ao\/wp-content\/uploads\/2023\/04\/Inter-vs-DAgosto-feminino-1-100x100.jpg\" alt=\"cover\">\t\t<span \t\t\tdata-qtmplayer-cover=\"https:\/\/rna.ao\/rna.ao\/wp-content\/uploads\/2023\/04\/Inter-vs-DAgosto-feminino-1.jpg\"\n\t\t\t\t\t\tdata-qtmplayer-file=\"https:\/\/rna.ao\/rna.ao\/wp-content\/uploads\/2023\/04\/J-M-6-WALTER-COSTA-07-04-23.mp3\"\n\t\t\t\t\t\tdata-qtmplayer-title=\"Basquetebol: Interclube supera 1\u00ba de Agosto na Liga Azul\"\n\t\t\t\t\t\tdata-qtmplayer-artist=\"RNA\"\n\t\t\t\t\t\tdata-qtmplayer-link=\"https:\/\/rna.ao\/rna.ao\/2023\/04\/07\/basquetebol-interclube-supera-1o-de-agosto-na-liga-azul\/\"\n\t\t\t\t\t\tdata-qtmplayer-icon=\"file_download\"\n\t\t\t\t\t\tdata-qtmplayer-type=\"track\"\n\t\t\t class=\"qtmplayer-play qtmplayer-link-sec qtmplayer-play-btn\"><i class='material-icons'>play_arrow<\/i><\/span>\n\t\t<p>\n\t\t\t<span class=\"qtmplayer-tit\">Basquetebol: Interclube supera 1\u00ba de Agosto na Liga Azul<\/span>\n\t\t\t<span class=\"qtmplayer-art\">RNA<\/span>\n\t\t<\/p>\n\t<\/li>\n\t\t<\/ul>\n\t<\/div>\t\t\t\n\t\n<p style=\"font-weight: 400;\">Fonte: R\u00e1dio 5\/RNA<\/p>\n","protected":false},"excerpt":{"rendered":"<p>Equipa de basquetebol feminino do Grupo Desportivo Interclube supera 1\u00ba de Agosto na Liga Azul. As pol\u00edcias venceram as militares, por 76-70, no Pavilh\u00e3o 28 de Fevereiro, para a 8\u00aa jornada da competi\u00e7\u00e3o. Eliza Pires, treinadora\u00a0 do Interclube, reconhece que foi uma vit\u00f3ria arrancada \u00e0 ferro e fogo. Clique no ...<\/p>\n","protected":false},"author":8,"featured_media":99007,"comment_status":"closed","ping_status":"closed","sticky":false,"template":"","format":"standard","meta":[],"categories":[145,125,164],"tags":[],"_links":{"self":[{"href":"https:\/\/rna.ao\/rna.ao\/wp-json\/wp\/v2\/posts\/99003"}],"collection":[{"href":"https:\/\/rna.ao\/rna.ao\/wp-json\/wp\/v2\/posts"}],"about":[{"href":"https:\/\/rna.ao\/rna.ao\/wp-json\/wp\/v2\/types\/post"}],"author":[{"embeddable":true,"href":"https:\/\/rna.ao\/rna.ao\/wp-json\/wp\/v2\/users\/8"}],"replies":[{"embeddable":true,"href":"https:\/\/rna.ao\/rna.ao\/wp-json\/wp\/v2\/comments?post=99003"}],"version-history":[{"count":1,"href":"https:\/\/rna.ao\/rna.ao\/wp-json\/wp\/v2\/posts\/99003\/revisions"}],"predecessor-version":[{"id":99008,"href":"https:\/\/rna.ao\/rna.ao\/wp-json\/wp\/v2\/posts\/99003\/revisions\/99008"}],"wp:featuredmedia":[{"embeddable":true,"href":"https:\/\/rna.ao\/rna.ao\/wp-json\/wp\/v2\/media\/99007"}],"wp:attachment":[{"href":"https:\/\/rna.ao\/rna.ao\/wp-json\/wp\/v2\/media?parent=99003"}],"wp:term":[{"taxonomy":"category","embeddable":true,"href":"https:\/\/rna.ao\/rna.ao\/wp-json\/wp\/v2\/categories?post=99003"},{"taxonomy":"post_tag","embeddable":true,"href":"https:\/\/rna.ao\/rna.ao\/wp-json\/wp\/v2\/tags?post=99003"}],"curies":[{"name":"wp","href":"https:\/\/api.w.org\/{rel}","templated":true}]}}