{"id":98997,"date":"2023-04-07T06:03:05","date_gmt":"2023-04-07T05:03:05","guid":{"rendered":"https:\/\/rna.ao\/rna.ao\/?p=98997"},"modified":"2023-04-07T11:01:04","modified_gmt":"2023-04-07T10:01:04","slug":"petro-de-luanda-e-1ode-agosto-a-uma-vitoria-da-final-do-futebol-basquetebol","status":"publish","type":"post","link":"https:\/\/rna.ao\/rna.ao\/2023\/04\/07\/petro-de-luanda-e-1ode-agosto-a-uma-vitoria-da-final-do-futebol-basquetebol\/","title":{"rendered":"Petro de Luanda e 1\u00bade Agosto a uma vit\u00f3ria da final do basquetebol"},"content":{"rendered":"<p style=\"font-weight: 400;\"><img loading=\"lazy\" class=\"size-full wp-image-96739 aligncenter\" src=\"https:\/\/rna.ao\/rna.ao\/wp-content\/uploads\/2023\/03\/Bola-cesto-com-as-maos.jpg\" alt=\"\" width=\"768\" height=\"512\" \/>Petro de Luanda e 1\u00ba de Agosto podem, em caso de vit\u00f3ria, hoje 07 de Abril, assegurar o passe para a final da edi\u00e7\u00e3o 2023 do Unitel-Basquete.<\/p>\n<p style=\"font-weight: 400;\">O Petro de Luanda joga com o Vila Clotilde, \u00e0s 15 horas, no Pavilh\u00e3o Principal da Cidadela, para o terceiro jogo dos play-offs das meias-finais \u00e0 melhor de cinco.<\/p>\n<p style=\"font-weight: 400;\">Raul Duarte, treinador-adjunto do campe\u00e3o nacional,\u00a0 afirma que a equipa deve manter os n\u00edveis\u00a0 no desafio que pode ser decisivo. Clique no \u00e1udio e ou\u00e7a:<\/p>\n\t<div class=\"qtmplayer-playlist-large\">\n\t\t<ul class=\"qtmplayer-playlist\">\n\t\t\t\n\t\t\t\t\t<li class=\"qtmplayer-trackitem\">\n\t\t<img src=\"https:\/\/rna.ao\/rna.ao\/wp-content\/uploads\/2023\/03\/Bola-cesto-com-as-maos-1-100x100.jpg\" alt=\"cover\">\t\t<span \t\t\tdata-qtmplayer-cover=\"https:\/\/rna.ao\/rna.ao\/wp-content\/uploads\/2023\/03\/Bola-cesto-com-as-maos-1.jpg\"\n\t\t\t\t\t\tdata-qtmplayer-file=\"https:\/\/rna.ao\/rna.ao\/wp-content\/uploads\/2023\/04\/J-M-1-RAUL-DUARTE-07-04-23.mp3\"\n\t\t\t\t\t\tdata-qtmplayer-title=\"Petro de Luanda e 1\u00bade Agosto a uma vit\u00f3ria da final do basquetebol\"\n\t\t\t\t\t\tdata-qtmplayer-artist=\"RNA\"\n\t\t\t\t\t\tdata-qtmplayer-link=\"https:\/\/rna.ao\/rna.ao\/2023\/04\/07\/petro-de-luanda-e-1ode-agosto-a-uma-vitoria-da-final-do-futebol-basquetebol\/\"\n\t\t\t\t\t\tdata-qtmplayer-icon=\"file_download\"\n\t\t\t\t\t\tdata-qtmplayer-type=\"track\"\n\t\t\t class=\"qtmplayer-play qtmplayer-link-sec qtmplayer-play-btn\"><i class='material-icons'>play_arrow<\/i><\/span>\n\t\t<p>\n\t\t\t<span class=\"qtmplayer-tit\">Petro de Luanda e 1\u00bade Agosto a uma vit\u00f3ria da final do basquetebol<\/span>\n\t\t\t<span class=\"qtmplayer-art\">RNA<\/span>\n\t\t<\/p>\n\t<\/li>\n\t\t<\/ul>\n\t<\/div>\t\t\t\n\t\n<p style=\"font-weight: 400;\">Divaldo Adriano, t\u00e9cnico do Vila Clotilde, promete contrapor o advers\u00e1rio e for\u00e7ar a realiza\u00e7\u00e3o do quarto jogo. Clique no \u00e1udio e ou\u00e7a:<\/p>\n\t<div class=\"qtmplayer-playlist-large\">\n\t\t<ul class=\"qtmplayer-playlist\">\n\t\t\t\n\t\t\t\t\t<li class=\"qtmplayer-trackitem\">\n\t\t<img src=\"https:\/\/rna.ao\/rna.ao\/wp-content\/uploads\/2023\/03\/Bola-cesto-com-as-maos-1-100x100.jpg\" alt=\"cover\">\t\t<span \t\t\tdata-qtmplayer-cover=\"https:\/\/rna.ao\/rna.ao\/wp-content\/uploads\/2023\/03\/Bola-cesto-com-as-maos-1.jpg\"\n\t\t\t\t\t\tdata-qtmplayer-file=\"https:\/\/rna.ao\/rna.ao\/wp-content\/uploads\/2023\/04\/J-M-2-DIVALDO-ADRIANO-07-04-23.mp3\"\n\t\t\t\t\t\tdata-qtmplayer-title=\"Petro de Luanda e 1\u00bade Agosto a uma vit\u00f3ria da final do basquetebol\"\n\t\t\t\t\t\tdata-qtmplayer-artist=\"RNA\"\n\t\t\t\t\t\tdata-qtmplayer-link=\"https:\/\/rna.ao\/rna.ao\/2023\/04\/07\/petro-de-luanda-e-1ode-agosto-a-uma-vitoria-da-final-do-futebol-basquetebol\/\"\n\t\t\t\t\t\tdata-qtmplayer-icon=\"file_download\"\n\t\t\t\t\t\tdata-qtmplayer-type=\"track\"\n\t\t\t class=\"qtmplayer-play qtmplayer-link-sec qtmplayer-play-btn\"><i class='material-icons'>play_arrow<\/i><\/span>\n\t\t<p>\n\t\t\t<span class=\"qtmplayer-tit\">Petro de Luanda e 1\u00bade Agosto a uma vit\u00f3ria da final do basquetebol<\/span>\n\t\t\t<span class=\"qtmplayer-art\">RNA<\/span>\n\t\t<\/p>\n\t<\/li>\n\t\t<\/ul>\n\t<\/div>\t\t\t\n\t\n<p style=\"font-weight: 400;\">No outro jogo, o Interclube recebe o 1\u00bade Agosto, \u00e0s 18 horas, no Pavilh\u00e3o 28 de Fevereiro. Na equipa da casa o treinador Carlos Diniz, reconhece que tem a dif\u00edcil miss\u00e3o de recuperar a equipa. Clique no \u00e1udio e ou\u00e7a:<\/p>\n\t<div class=\"qtmplayer-playlist-large\">\n\t\t<ul class=\"qtmplayer-playlist\">\n\t\t\t\n\t\t\t\t\t<li class=\"qtmplayer-trackitem\">\n\t\t<img src=\"https:\/\/rna.ao\/rna.ao\/wp-content\/uploads\/2023\/03\/Bola-cesto-com-as-maos-1-100x100.jpg\" alt=\"cover\">\t\t<span \t\t\tdata-qtmplayer-cover=\"https:\/\/rna.ao\/rna.ao\/wp-content\/uploads\/2023\/03\/Bola-cesto-com-as-maos-1.jpg\"\n\t\t\t\t\t\tdata-qtmplayer-file=\"https:\/\/rna.ao\/rna.ao\/wp-content\/uploads\/2023\/04\/J-M-3-CARLOS-DINIZ-07-04-23.mp3\"\n\t\t\t\t\t\tdata-qtmplayer-title=\"Petro de Luanda e 1\u00bade Agosto a uma vit\u00f3ria da final do basquetebol\"\n\t\t\t\t\t\tdata-qtmplayer-artist=\"RNA\"\n\t\t\t\t\t\tdata-qtmplayer-link=\"https:\/\/rna.ao\/rna.ao\/2023\/04\/07\/petro-de-luanda-e-1ode-agosto-a-uma-vitoria-da-final-do-futebol-basquetebol\/\"\n\t\t\t\t\t\tdata-qtmplayer-icon=\"file_download\"\n\t\t\t\t\t\tdata-qtmplayer-type=\"track\"\n\t\t\t class=\"qtmplayer-play qtmplayer-link-sec qtmplayer-play-btn\"><i class='material-icons'>play_arrow<\/i><\/span>\n\t\t<p>\n\t\t\t<span class=\"qtmplayer-tit\">Petro de Luanda e 1\u00bade Agosto a uma vit\u00f3ria da final do basquetebol<\/span>\n\t\t\t<span class=\"qtmplayer-art\">RNA<\/span>\n\t\t<\/p>\n\t<\/li>\n\t\t<\/ul>\n\t<\/div>\t\t\t\n\t\n<p style=\"font-weight: 400;\">Lazare Adingono, timoneiro do 1\u00bade Agosto, cauteloso, reafirma a qualidade do advers\u00e1rio. Clique no \u00e1udio e ou\u00e7a:<\/p>\n\t<div class=\"qtmplayer-playlist-large\">\n\t\t<ul class=\"qtmplayer-playlist\">\n\t\t\t\n\t\t\t\t\t<li class=\"qtmplayer-trackitem\">\n\t\t<img src=\"https:\/\/rna.ao\/rna.ao\/wp-content\/uploads\/2023\/03\/Bola-cesto-com-as-maos-1-100x100.jpg\" alt=\"cover\">\t\t<span \t\t\tdata-qtmplayer-cover=\"https:\/\/rna.ao\/rna.ao\/wp-content\/uploads\/2023\/03\/Bola-cesto-com-as-maos-1.jpg\"\n\t\t\t\t\t\tdata-qtmplayer-file=\"https:\/\/rna.ao\/rna.ao\/wp-content\/uploads\/2023\/04\/J-M-4-LAZARE-ANDINGONO-07-04-23.mp3\"\n\t\t\t\t\t\tdata-qtmplayer-title=\"Petro de Luanda e 1\u00bade Agosto a uma vit\u00f3ria da final do basquetebol\"\n\t\t\t\t\t\tdata-qtmplayer-artist=\"RNA\"\n\t\t\t\t\t\tdata-qtmplayer-link=\"https:\/\/rna.ao\/rna.ao\/2023\/04\/07\/petro-de-luanda-e-1ode-agosto-a-uma-vitoria-da-final-do-futebol-basquetebol\/\"\n\t\t\t\t\t\tdata-qtmplayer-icon=\"file_download\"\n\t\t\t\t\t\tdata-qtmplayer-type=\"track\"\n\t\t\t class=\"qtmplayer-play qtmplayer-link-sec qtmplayer-play-btn\"><i class='material-icons'>play_arrow<\/i><\/span>\n\t\t<p>\n\t\t\t<span class=\"qtmplayer-tit\">Petro de Luanda e 1\u00bade Agosto a uma vit\u00f3ria da final do basquetebol<\/span>\n\t\t\t<span class=\"qtmplayer-art\">RNA<\/span>\n\t\t<\/p>\n\t<\/li>\n\t\t<\/ul>\n\t<\/div>\t\t\t\n\t\n<p style=\"font-weight: 400;\">Fonte: R\u00e1dio 5\/RNA<\/p>\n","protected":false},"excerpt":{"rendered":"<p>Petro de Luanda e 1\u00ba de Agosto podem, em caso de vit\u00f3ria, hoje 07 de Abril, assegurar o passe para a final da edi\u00e7\u00e3o 2023 do Unitel-Basquete. O Petro de Luanda joga com o Vila Clotilde, \u00e0s 15 horas, no Pavilh\u00e3o Principal da Cidadela, para o terceiro jogo dos play-offs ...<\/p>\n","protected":false},"author":8,"featured_media":96740,"comment_status":"closed","ping_status":"closed","sticky":false,"template":"","format":"standard","meta":[],"categories":[145,125,164],"tags":[],"_links":{"self":[{"href":"https:\/\/rna.ao\/rna.ao\/wp-json\/wp\/v2\/posts\/98997"}],"collection":[{"href":"https:\/\/rna.ao\/rna.ao\/wp-json\/wp\/v2\/posts"}],"about":[{"href":"https:\/\/rna.ao\/rna.ao\/wp-json\/wp\/v2\/types\/post"}],"author":[{"embeddable":true,"href":"https:\/\/rna.ao\/rna.ao\/wp-json\/wp\/v2\/users\/8"}],"replies":[{"embeddable":true,"href":"https:\/\/rna.ao\/rna.ao\/wp-json\/wp\/v2\/comments?post=98997"}],"version-history":[{"count":2,"href":"https:\/\/rna.ao\/rna.ao\/wp-json\/wp\/v2\/posts\/98997\/revisions"}],"predecessor-version":[{"id":99068,"href":"https:\/\/rna.ao\/rna.ao\/wp-json\/wp\/v2\/posts\/98997\/revisions\/99068"}],"wp:featuredmedia":[{"embeddable":true,"href":"https:\/\/rna.ao\/rna.ao\/wp-json\/wp\/v2\/media\/96740"}],"wp:attachment":[{"href":"https:\/\/rna.ao\/rna.ao\/wp-json\/wp\/v2\/media?parent=98997"}],"wp:term":[{"taxonomy":"category","embeddable":true,"href":"https:\/\/rna.ao\/rna.ao\/wp-json\/wp\/v2\/categories?post=98997"},{"taxonomy":"post_tag","embeddable":true,"href":"https:\/\/rna.ao\/rna.ao\/wp-json\/wp\/v2\/tags?post=98997"}],"curies":[{"name":"wp","href":"https:\/\/api.w.org\/{rel}","templated":true}]}}