{"id":9896,"date":"2020-10-28T03:20:42","date_gmt":"2020-10-28T02:20:42","guid":{"rendered":"https:\/\/rna.ao\/rna.ao\/?p=9896"},"modified":"2020-10-28T03:56:14","modified_gmt":"2020-10-28T02:56:14","slug":"angola-regista-escassez-de-potencial-hidrico-na-zona-sul","status":"publish","type":"post","link":"https:\/\/rna.ao\/rna.ao\/2020\/10\/28\/angola-regista-escassez-de-potencial-hidrico-na-zona-sul\/","title":{"rendered":"Angola regista escassez de potencial h\u00eddrico na zona sul"},"content":{"rendered":"<p><img loading=\"lazy\" class=\"wp-image-6500 alignleft\" src=\"https:\/\/rna.ao\/rna.ao\/wp-content\/uploads\/2020\/10\/Manuel-Quintino-1.jpg\" alt=\"\" width=\"244\" height=\"149\" \/><\/p>\n<p>As Rep\u00fablicas de Angola e da Nam\u00edbia t\u00eam, no \u00e2mbito da hidropol\u00edtica, sabido gerir as bacias do Cunene e do Cuvelai, partilhada pelos dois pa\u00edses, atendendo a escassez de \u00e1gua no sul do nosso pa\u00eds e norte da terra de Sam Nujoma.<\/p>\n<p>A informa\u00e7\u00e3o foi prestada, \u00e0 RNA, pelo director-geral do Instituto Nacional dos Res\u00edduos H\u00eddricos, Manuel Quintino, que assegura, para outras regi\u00f5es do pa\u00eds, abund\u00e2ncia de \u00e1gua sem sinais de conflitos com os pa\u00edses que Angola partilha bacias hidrogr\u00e1ficas. Clique no \u00e1udio, em baixo, e ou\u00e7a:<\/p>\n\t<div class=\"qtmplayer-playlist-large\">\n\t\t<ul class=\"qtmplayer-playlist\">\n\t\t\t\n\t\t\t\t\t<li class=\"qtmplayer-trackitem\">\n\t\t<img src=\"https:\/\/rna.ao\/rna.ao\/wp-content\/uploads\/2020\/10\/Manuel-Quintino-1-100x100.jpg\" alt=\"cover\">\t\t<span \t\t\tdata-qtmplayer-cover=\"https:\/\/rna.ao\/rna.ao\/wp-content\/uploads\/2020\/10\/Manuel-Quintino-1.jpg\"\n\t\t\t\t\t\tdata-qtmplayer-file=\"https:\/\/rna.ao\/rna.ao\/wp-content\/uploads\/2020\/10\/MANUEL-QUINTINO-1.mp3\"\n\t\t\t\t\t\tdata-qtmplayer-title=\"Angola regista escassez de potencial h\u00eddrico na zona sul\"\n\t\t\t\t\t\tdata-qtmplayer-artist=\"RNA\"\n\t\t\t\t\t\tdata-qtmplayer-link=\"https:\/\/rna.ao\/rna.ao\/2020\/10\/28\/angola-regista-escassez-de-potencial-hidrico-na-zona-sul\/\"\n\t\t\t\t\t\tdata-qtmplayer-icon=\"file_download\"\n\t\t\t\t\t\tdata-qtmplayer-type=\"track\"\n\t\t\t class=\"qtmplayer-play qtmplayer-link-sec qtmplayer-play-btn\"><i class='material-icons'>play_arrow<\/i><\/span>\n\t\t<p>\n\t\t\t<span class=\"qtmplayer-tit\">Angola regista escassez de potencial h\u00eddrico na zona sul<\/span>\n\t\t\t<span class=\"qtmplayer-art\">RNA<\/span>\n\t\t<\/p>\n\t<\/li>\n\t\t<\/ul>\n\t<\/div>\t\t\t\n\t\n<p>Fonte: RNA<\/p>\n","protected":false},"excerpt":{"rendered":"<p>As Rep\u00fablicas de Angola e da Nam\u00edbia t\u00eam, no \u00e2mbito da hidropol\u00edtica, sabido gerir as bacias do Cunene e do Cuvelai, partilhada pelos dois pa\u00edses, atendendo a escassez de \u00e1gua no sul do nosso pa\u00eds e norte da terra de Sam Nujoma. A informa\u00e7\u00e3o foi prestada, \u00e0 RNA, pelo director-geral ...<\/p>\n","protected":false},"author":8,"featured_media":6500,"comment_status":"closed","ping_status":"closed","sticky":false,"template":"","format":"standard","meta":[],"categories":[142,164],"tags":[],"_links":{"self":[{"href":"https:\/\/rna.ao\/rna.ao\/wp-json\/wp\/v2\/posts\/9896"}],"collection":[{"href":"https:\/\/rna.ao\/rna.ao\/wp-json\/wp\/v2\/posts"}],"about":[{"href":"https:\/\/rna.ao\/rna.ao\/wp-json\/wp\/v2\/types\/post"}],"author":[{"embeddable":true,"href":"https:\/\/rna.ao\/rna.ao\/wp-json\/wp\/v2\/users\/8"}],"replies":[{"embeddable":true,"href":"https:\/\/rna.ao\/rna.ao\/wp-json\/wp\/v2\/comments?post=9896"}],"version-history":[{"count":2,"href":"https:\/\/rna.ao\/rna.ao\/wp-json\/wp\/v2\/posts\/9896\/revisions"}],"predecessor-version":[{"id":9915,"href":"https:\/\/rna.ao\/rna.ao\/wp-json\/wp\/v2\/posts\/9896\/revisions\/9915"}],"wp:featuredmedia":[{"embeddable":true,"href":"https:\/\/rna.ao\/rna.ao\/wp-json\/wp\/v2\/media\/6500"}],"wp:attachment":[{"href":"https:\/\/rna.ao\/rna.ao\/wp-json\/wp\/v2\/media?parent=9896"}],"wp:term":[{"taxonomy":"category","embeddable":true,"href":"https:\/\/rna.ao\/rna.ao\/wp-json\/wp\/v2\/categories?post=9896"},{"taxonomy":"post_tag","embeddable":true,"href":"https:\/\/rna.ao\/rna.ao\/wp-json\/wp\/v2\/tags?post=9896"}],"curies":[{"name":"wp","href":"https:\/\/api.w.org\/{rel}","templated":true}]}}