{"id":9892,"date":"2020-10-28T03:15:22","date_gmt":"2020-10-28T02:15:22","guid":{"rendered":"https:\/\/rna.ao\/rna.ao\/?p=9892"},"modified":"2020-10-28T03:15:22","modified_gmt":"2020-10-28T02:15:22","slug":"mecanizacao-agricola-so-abrange-4-por-cento-das-terras-em-angola","status":"publish","type":"post","link":"https:\/\/rna.ao\/rna.ao\/2020\/10\/28\/mecanizacao-agricola-so-abrange-4-por-cento-das-terras-em-angola\/","title":{"rendered":"Mecaniza\u00e7\u00e3o agr\u00edcola s\u00f3 abrange 4 por cento das terras em Angola"},"content":{"rendered":"<p><img loading=\"lazy\" class=\" wp-image-9894 alignleft\" src=\"https:\/\/rna.ao\/rna.ao\/wp-content\/uploads\/2020\/10\/Carlos-Cambuta-ADRA.jpg\" alt=\"\" width=\"332\" height=\"246\" \/><\/p>\n<p>O representante da ADRA em Angola, Carlos Cambuta (na foto), disse que dos mais de cinco milh\u00f5es de terras aptas para a pr\u00e1tica da agricultura, em Angola, apenas quatro por cento s\u00e3o trabalhadas com base na mecaniza\u00e7\u00e3o.<\/p>\n<p>Para Carlos Cambuta, que falava ter\u00e7a-feira, 27\/10, no Programa Azimute Actualidade, da RNA, essa percentagem \u00e9 um claro desafio para uma maior aposta na mecaniza\u00e7\u00e3o agr\u00edcola. Clique no \u00e1udio, em baixo, e ou\u00e7a:<\/p>\n\t<div class=\"qtmplayer-playlist-large\">\n\t\t<ul class=\"qtmplayer-playlist\">\n\t\t\t\n\t\t\t\t\t<li class=\"qtmplayer-trackitem\">\n\t\t<img src=\"https:\/\/rna.ao\/rna.ao\/wp-content\/uploads\/2020\/10\/Carlos-Cambuta-ADRA-100x100.jpg\" alt=\"cover\">\t\t<span \t\t\tdata-qtmplayer-cover=\"https:\/\/rna.ao\/rna.ao\/wp-content\/uploads\/2020\/10\/Carlos-Cambuta-ADRA.jpg\"\n\t\t\t\t\t\tdata-qtmplayer-file=\"https:\/\/rna.ao\/rna.ao\/wp-content\/uploads\/2020\/10\/CARLOS-CAMBUTA.mp3\"\n\t\t\t\t\t\tdata-qtmplayer-title=\"Mecaniza\u00e7\u00e3o agr\u00edcola s\u00f3 abrange 4 por cento das terras em Angola\"\n\t\t\t\t\t\tdata-qtmplayer-artist=\"RNA\"\n\t\t\t\t\t\tdata-qtmplayer-link=\"https:\/\/rna.ao\/rna.ao\/2020\/10\/28\/mecanizacao-agricola-so-abrange-4-por-cento-das-terras-em-angola\/\"\n\t\t\t\t\t\tdata-qtmplayer-icon=\"file_download\"\n\t\t\t\t\t\tdata-qtmplayer-type=\"track\"\n\t\t\t class=\"qtmplayer-play qtmplayer-link-sec qtmplayer-play-btn\"><i class='material-icons'>play_arrow<\/i><\/span>\n\t\t<p>\n\t\t\t<span class=\"qtmplayer-tit\">Mecaniza\u00e7\u00e3o agr\u00edcola s\u00f3 abrange 4 por cento das terras em Angola<\/span>\n\t\t\t<span class=\"qtmplayer-art\">RNA<\/span>\n\t\t<\/p>\n\t<\/li>\n\t\t<\/ul>\n\t<\/div>\t\t\t\n\t\n<p>Fonte: RNA<\/p>\n","protected":false},"excerpt":{"rendered":"<p>O representante da ADRA em Angola, Carlos Cambuta (na foto), disse que dos mais de cinco milh\u00f5es de terras aptas para a pr\u00e1tica da agricultura, em Angola, apenas quatro por cento s\u00e3o trabalhadas com base na mecaniza\u00e7\u00e3o. Para Carlos Cambuta, que falava ter\u00e7a-feira, 27\/10, no Programa Azimute Actualidade, da RNA, ...<\/p>\n","protected":false},"author":8,"featured_media":9894,"comment_status":"closed","ping_status":"closed","sticky":false,"template":"","format":"standard","meta":[],"categories":[142,164],"tags":[],"_links":{"self":[{"href":"https:\/\/rna.ao\/rna.ao\/wp-json\/wp\/v2\/posts\/9892"}],"collection":[{"href":"https:\/\/rna.ao\/rna.ao\/wp-json\/wp\/v2\/posts"}],"about":[{"href":"https:\/\/rna.ao\/rna.ao\/wp-json\/wp\/v2\/types\/post"}],"author":[{"embeddable":true,"href":"https:\/\/rna.ao\/rna.ao\/wp-json\/wp\/v2\/users\/8"}],"replies":[{"embeddable":true,"href":"https:\/\/rna.ao\/rna.ao\/wp-json\/wp\/v2\/comments?post=9892"}],"version-history":[{"count":1,"href":"https:\/\/rna.ao\/rna.ao\/wp-json\/wp\/v2\/posts\/9892\/revisions"}],"predecessor-version":[{"id":9895,"href":"https:\/\/rna.ao\/rna.ao\/wp-json\/wp\/v2\/posts\/9892\/revisions\/9895"}],"wp:featuredmedia":[{"embeddable":true,"href":"https:\/\/rna.ao\/rna.ao\/wp-json\/wp\/v2\/media\/9894"}],"wp:attachment":[{"href":"https:\/\/rna.ao\/rna.ao\/wp-json\/wp\/v2\/media?parent=9892"}],"wp:term":[{"taxonomy":"category","embeddable":true,"href":"https:\/\/rna.ao\/rna.ao\/wp-json\/wp\/v2\/categories?post=9892"},{"taxonomy":"post_tag","embeddable":true,"href":"https:\/\/rna.ao\/rna.ao\/wp-json\/wp\/v2\/tags?post=9892"}],"curies":[{"name":"wp","href":"https:\/\/api.w.org\/{rel}","templated":true}]}}