{"id":9884,"date":"2020-10-28T02:59:53","date_gmt":"2020-10-28T01:59:53","guid":{"rendered":"https:\/\/rna.ao\/rna.ao\/?p=9884"},"modified":"2020-10-28T02:59:53","modified_gmt":"2020-10-28T01:59:53","slug":"cnj-apresenta-memorando-de-necessidades-dos-jovens-ao-pr","status":"publish","type":"post","link":"https:\/\/rna.ao\/rna.ao\/2020\/10\/28\/cnj-apresenta-memorando-de-necessidades-dos-jovens-ao-pr\/","title":{"rendered":"CNJ apresenta memorando de necessidades dos jovens ao PR"},"content":{"rendered":"<p><img loading=\"lazy\" class=\"wp-image-9886 alignleft\" src=\"https:\/\/rna.ao\/rna.ao\/wp-content\/uploads\/2020\/10\/Isaias-Kalunga.jpg\" alt=\"\" width=\"334\" height=\"223\" \/><\/p>\n<p>O presidente do Conselho Nacional da Juventude (CNJ), Isa\u00edas Kalunga (na foto), foi ter\u00e7a-feira, 27\/10, ao Pal\u00e1cio Presidencial da Cidade Alta, apresentar um memorando das grandes necessidades dos jovens angolanos.<\/p>\n<p>Entre as necessidades apresentadas ao Chefe de Estado angolano, Jo\u00e3o Louren\u00e7o, est\u00e3o a forma\u00e7\u00e3o t\u00e9cnico-profissional, o emprego, e o acesso \u00e0 habita\u00e7\u00e3o e ao cr\u00e9dito.<\/p>\n<p>\u00c0 sa\u00edda da audi\u00eancia concedida pelo Presidente Jo\u00e3o Louren\u00e7o, Isa\u00edas Kalunga, disse, \u00e0 imprensa, ter recebido apoio do estadista angolano. Clique no \u00e1udio, em baixo, e ou\u00e7a:<\/p>\n\t<div class=\"qtmplayer-playlist-large\">\n\t\t<ul class=\"qtmplayer-playlist\">\n\t\t\t\n\t\t\t\t\t<li class=\"qtmplayer-trackitem\">\n\t\t<img src=\"https:\/\/rna.ao\/rna.ao\/wp-content\/uploads\/2020\/10\/Isaias-Kalunga-100x100.jpg\" alt=\"cover\">\t\t<span \t\t\tdata-qtmplayer-cover=\"https:\/\/rna.ao\/rna.ao\/wp-content\/uploads\/2020\/10\/Isaias-Kalunga-370x370.jpg\"\n\t\t\t\t\t\tdata-qtmplayer-file=\"https:\/\/rna.ao\/rna.ao\/wp-content\/uploads\/2020\/10\/WALDEMAR-MARCAL-1.mp3\"\n\t\t\t\t\t\tdata-qtmplayer-title=\"CNJ apresenta memorando de necessidades dos jovens ao PR\"\n\t\t\t\t\t\tdata-qtmplayer-artist=\"RNA\"\n\t\t\t\t\t\tdata-qtmplayer-link=\"https:\/\/rna.ao\/rna.ao\/2020\/10\/28\/cnj-apresenta-memorando-de-necessidades-dos-jovens-ao-pr\/\"\n\t\t\t\t\t\tdata-qtmplayer-icon=\"file_download\"\n\t\t\t\t\t\tdata-qtmplayer-type=\"track\"\n\t\t\t class=\"qtmplayer-play qtmplayer-link-sec qtmplayer-play-btn\"><i class='material-icons'>play_arrow<\/i><\/span>\n\t\t<p>\n\t\t\t<span class=\"qtmplayer-tit\">CNJ apresenta memorando de necessidades dos jovens ao PR<\/span>\n\t\t\t<span class=\"qtmplayer-art\">RNA<\/span>\n\t\t<\/p>\n\t<\/li>\n\t\t<\/ul>\n\t<\/div>\t\t\t\n\t\n<p>Fonte: RNA \u2013 Jornalista Waldemar Mar\u00e7al<\/p>\n","protected":false},"excerpt":{"rendered":"<p>O presidente do Conselho Nacional da Juventude (CNJ), Isa\u00edas Kalunga (na foto), foi ter\u00e7a-feira, 27\/10, ao Pal\u00e1cio Presidencial da Cidade Alta, apresentar um memorando das grandes necessidades dos jovens angolanos. Entre as necessidades apresentadas ao Chefe de Estado angolano, Jo\u00e3o Louren\u00e7o, est\u00e3o a forma\u00e7\u00e3o t\u00e9cnico-profissional, o emprego, e o acesso ...<\/p>\n","protected":false},"author":8,"featured_media":9886,"comment_status":"closed","ping_status":"closed","sticky":false,"template":"","format":"standard","meta":[],"categories":[142,121,163],"tags":[],"_links":{"self":[{"href":"https:\/\/rna.ao\/rna.ao\/wp-json\/wp\/v2\/posts\/9884"}],"collection":[{"href":"https:\/\/rna.ao\/rna.ao\/wp-json\/wp\/v2\/posts"}],"about":[{"href":"https:\/\/rna.ao\/rna.ao\/wp-json\/wp\/v2\/types\/post"}],"author":[{"embeddable":true,"href":"https:\/\/rna.ao\/rna.ao\/wp-json\/wp\/v2\/users\/8"}],"replies":[{"embeddable":true,"href":"https:\/\/rna.ao\/rna.ao\/wp-json\/wp\/v2\/comments?post=9884"}],"version-history":[{"count":1,"href":"https:\/\/rna.ao\/rna.ao\/wp-json\/wp\/v2\/posts\/9884\/revisions"}],"predecessor-version":[{"id":9887,"href":"https:\/\/rna.ao\/rna.ao\/wp-json\/wp\/v2\/posts\/9884\/revisions\/9887"}],"wp:featuredmedia":[{"embeddable":true,"href":"https:\/\/rna.ao\/rna.ao\/wp-json\/wp\/v2\/media\/9886"}],"wp:attachment":[{"href":"https:\/\/rna.ao\/rna.ao\/wp-json\/wp\/v2\/media?parent=9884"}],"wp:term":[{"taxonomy":"category","embeddable":true,"href":"https:\/\/rna.ao\/rna.ao\/wp-json\/wp\/v2\/categories?post=9884"},{"taxonomy":"post_tag","embeddable":true,"href":"https:\/\/rna.ao\/rna.ao\/wp-json\/wp\/v2\/tags?post=9884"}],"curies":[{"name":"wp","href":"https:\/\/api.w.org\/{rel}","templated":true}]}}