{"id":9877,"date":"2020-10-28T02:51:05","date_gmt":"2020-10-28T01:51:05","guid":{"rendered":"https:\/\/rna.ao\/rna.ao\/?p=9877"},"modified":"2020-10-28T02:51:05","modified_gmt":"2020-10-28T01:51:05","slug":"chefe-da-igreja-catolica-no-pais-pede-aos-angolanos-uniao-para-vencer-os-desafios-socioeconomicos","status":"publish","type":"post","link":"https:\/\/rna.ao\/rna.ao\/2020\/10\/28\/chefe-da-igreja-catolica-no-pais-pede-aos-angolanos-uniao-para-vencer-os-desafios-socioeconomicos\/","title":{"rendered":"Chefe da Igreja Cat\u00f3lica no pa\u00eds pede aos angolanos uni\u00e3o para vencer os desafios socioecon\u00f3micos"},"content":{"rendered":"<p><img loading=\"lazy\" class=\"wp-image-9878 alignleft\" src=\"https:\/\/rna.ao\/rna.ao\/wp-content\/uploads\/2020\/10\/Dom-Filomeno-Vieira-Dias.jpg\" alt=\"\" width=\"332\" height=\"223\" \/><\/p>\n<p>A situa\u00e7\u00e3o socioecon\u00f3mica do pa\u00eds, agravada pela Pandemia da Covid-19, esteve no centro da conversa que o Presidente da Rep\u00fablica, Jo\u00e3o Louren\u00e7o, manteve ter\u00e7a-feira, 27\/10, com o arcebispo de Luanda, Dom Filomeno Vieira Dias.<\/p>\n<p>No final do encontro, o chefe da Igreja Cat\u00f3lica em Angola e respons\u00e1vel m\u00e1ximo da CEAST, Dom Filomeno Vieira Dias, disse, \u00e0 imprensa, que abordou, igualmente, com o Presidente Jo\u00e3o Louren\u00e7o, algumas quest\u00f5es relacionadas aos desafios sociais, que o pa\u00eds enfrenta.<\/p>\n<p>Dom Filomeno Vieira Dias disse, tamb\u00e9m, que abordou com o Chefe de Estado algumas solu\u00e7\u00f5es para reduzir o impacto da Covid-19, e para estimular o crescimento da economia, visando a gera\u00e7\u00e3o de empregos e riqueza, para os angolanos.<\/p>\n<p>O arcebispo de Luanda disse que esta \u00e9 a hora em que todos os angolanos devem estar unidos, para, em conjunto, encontrar solu\u00e7\u00f5es, para vencer os desafios que o pa\u00eds enfrenta nesta altura. Clique no \u00e1udio, em baixo, e ou\u00e7a:<\/p>\n\t<div class=\"qtmplayer-playlist-large\">\n\t\t<ul class=\"qtmplayer-playlist\">\n\t\t\t\n\t\t\t\t\t<li class=\"qtmplayer-trackitem\">\n\t\t<img src=\"https:\/\/rna.ao\/rna.ao\/wp-content\/uploads\/2020\/10\/Dom-Filomeno-Vieira-Dias-100x100.jpg\" alt=\"cover\">\t\t<span \t\t\tdata-qtmplayer-cover=\"https:\/\/rna.ao\/rna.ao\/wp-content\/uploads\/2020\/10\/Dom-Filomeno-Vieira-Dias.jpg\"\n\t\t\t\t\t\tdata-qtmplayer-file=\"https:\/\/rna.ao\/rna.ao\/wp-content\/uploads\/2020\/10\/DOM-FILOMENO-VIEIRA-DIAS-1.mp3\"\n\t\t\t\t\t\tdata-qtmplayer-title=\"Chefe da Igreja Cat\u00f3lica no pa\u00eds pede aos angolanos uni\u00e3o para vencer os desafios socioecon\u00f3micos\"\n\t\t\t\t\t\tdata-qtmplayer-artist=\"RNA\"\n\t\t\t\t\t\tdata-qtmplayer-link=\"https:\/\/rna.ao\/rna.ao\/2020\/10\/28\/chefe-da-igreja-catolica-no-pais-pede-aos-angolanos-uniao-para-vencer-os-desafios-socioeconomicos\/\"\n\t\t\t\t\t\tdata-qtmplayer-icon=\"file_download\"\n\t\t\t\t\t\tdata-qtmplayer-type=\"track\"\n\t\t\t class=\"qtmplayer-play qtmplayer-link-sec qtmplayer-play-btn\"><i class='material-icons'>play_arrow<\/i><\/span>\n\t\t<p>\n\t\t\t<span class=\"qtmplayer-tit\">Chefe da Igreja Cat\u00f3lica no pa\u00eds pede aos angolanos uni\u00e3o para vencer os desafios socioecon\u00f3micos<\/span>\n\t\t\t<span class=\"qtmplayer-art\">RNA<\/span>\n\t\t<\/p>\n\t<\/li>\n\t\t<\/ul>\n\t<\/div>\t\t\t\n\t\n<p>Fonte: RNA<\/p>\n","protected":false},"excerpt":{"rendered":"<p>A situa\u00e7\u00e3o socioecon\u00f3mica do pa\u00eds, agravada pela Pandemia da Covid-19, esteve no centro da conversa que o Presidente da Rep\u00fablica, Jo\u00e3o Louren\u00e7o, manteve ter\u00e7a-feira, 27\/10, com o arcebispo de Luanda, Dom Filomeno Vieira Dias. No final do encontro, o chefe da Igreja Cat\u00f3lica em Angola e respons\u00e1vel m\u00e1ximo da CEAST, ...<\/p>\n","protected":false},"author":8,"featured_media":9878,"comment_status":"closed","ping_status":"closed","sticky":false,"template":"","format":"standard","meta":[],"categories":[163],"tags":[],"_links":{"self":[{"href":"https:\/\/rna.ao\/rna.ao\/wp-json\/wp\/v2\/posts\/9877"}],"collection":[{"href":"https:\/\/rna.ao\/rna.ao\/wp-json\/wp\/v2\/posts"}],"about":[{"href":"https:\/\/rna.ao\/rna.ao\/wp-json\/wp\/v2\/types\/post"}],"author":[{"embeddable":true,"href":"https:\/\/rna.ao\/rna.ao\/wp-json\/wp\/v2\/users\/8"}],"replies":[{"embeddable":true,"href":"https:\/\/rna.ao\/rna.ao\/wp-json\/wp\/v2\/comments?post=9877"}],"version-history":[{"count":1,"href":"https:\/\/rna.ao\/rna.ao\/wp-json\/wp\/v2\/posts\/9877\/revisions"}],"predecessor-version":[{"id":9880,"href":"https:\/\/rna.ao\/rna.ao\/wp-json\/wp\/v2\/posts\/9877\/revisions\/9880"}],"wp:featuredmedia":[{"embeddable":true,"href":"https:\/\/rna.ao\/rna.ao\/wp-json\/wp\/v2\/media\/9878"}],"wp:attachment":[{"href":"https:\/\/rna.ao\/rna.ao\/wp-json\/wp\/v2\/media?parent=9877"}],"wp:term":[{"taxonomy":"category","embeddable":true,"href":"https:\/\/rna.ao\/rna.ao\/wp-json\/wp\/v2\/categories?post=9877"},{"taxonomy":"post_tag","embeddable":true,"href":"https:\/\/rna.ao\/rna.ao\/wp-json\/wp\/v2\/tags?post=9877"}],"curies":[{"name":"wp","href":"https:\/\/api.w.org\/{rel}","templated":true}]}}