{"id":98656,"date":"2023-04-04T09:31:52","date_gmt":"2023-04-04T08:31:52","guid":{"rendered":"https:\/\/rna.ao\/rna.ao\/?p=98656"},"modified":"2023-04-04T09:31:52","modified_gmt":"2023-04-04T08:31:52","slug":"4-de-abril-a-paz-permitiu-o-reencontro-de-todos-os-angolanos-dom-vicente-carlos-kiaziku","status":"publish","type":"post","link":"https:\/\/rna.ao\/rna.ao\/2023\/04\/04\/4-de-abril-a-paz-permitiu-o-reencontro-de-todos-os-angolanos-dom-vicente-carlos-kiaziku\/","title":{"rendered":"4 de Abril: A paz permitiu o reencontro de todos os angolanos&#8221; Dom Vicente Carlos Kiaziku"},"content":{"rendered":"<p><img loading=\"lazy\" class=\"wp-image-74829 alignleft\" src=\"https:\/\/rna.ao\/rna.ao\/wp-content\/uploads\/2022\/08\/Igreja-Moxico.jpg\" alt=\"\" width=\"318\" height=\"318\" srcset=\"https:\/\/rna.ao\/rna.ao\/wp-content\/uploads\/2022\/08\/Igreja-Moxico.jpg 400w, https:\/\/rna.ao\/rna.ao\/wp-content\/uploads\/2022\/08\/Igreja-Moxico-150x150.jpg 150w, https:\/\/rna.ao\/rna.ao\/wp-content\/uploads\/2022\/08\/Igreja-Moxico-100x100.jpg 100w, https:\/\/rna.ao\/rna.ao\/wp-content\/uploads\/2022\/08\/Igreja-Moxico-370x370.jpg 370w\" sizes=\"(max-width: 318px) 100vw, 318px\" \/>O Bispo de Mbanza Congo reconhece os in\u00fameros ganhos que os 21 anos de Paz e Reconcilia\u00e7\u00e3o trouxeram para o nosso Pa\u00eds. O Prelado cat\u00f3lico diz que a igreja vai continuar a intensificar a miss\u00e3o de moraliza\u00e7\u00e3o da sociedade angolana, para transforma\u00e7\u00e3o do cidad\u00e3o. Clique, no \u00e1udio abaixo e ou\u00e7a outros pormenores na reportagem do Lu\u00eds Mamana:<\/p>\n\t<div class=\"qtmplayer-playlist-large\">\n\t\t<ul class=\"qtmplayer-playlist\">\n\t\t\t\n\t\t\t\t\t<li class=\"qtmplayer-trackitem\">\n\t\t<img src=\"https:\/\/rna.ao\/rna.ao\/wp-content\/uploads\/2023\/04\/dom-vicente-carlos-kiazico-100x100.jpg\" alt=\"cover\">\t\t<span \t\t\tdata-qtmplayer-cover=\"https:\/\/rna.ao\/rna.ao\/wp-content\/uploads\/2023\/04\/dom-vicente-carlos-kiazico.jpg\"\n\t\t\t\t\t\tdata-qtmplayer-file=\"https:\/\/rna.ao\/rna.ao\/wp-content\/uploads\/2023\/04\/ZAIRE-GANHOS-DA-PAZ-00HRS.mp3\"\n\t\t\t\t\t\tdata-qtmplayer-title=\"4 de Abril: A paz permitiu o reencontro de todos os angolanos&#8221; Dom Vicente Carlos Kiaziku\"\n\t\t\t\t\t\tdata-qtmplayer-artist=\"RNA\"\n\t\t\t\t\t\tdata-qtmplayer-link=\"https:\/\/rna.ao\/rna.ao\/2023\/04\/04\/4-de-abril-a-paz-permitiu-o-reencontro-de-todos-os-angolanos-dom-vicente-carlos-kiaziku\/\"\n\t\t\t\t\t\tdata-qtmplayer-icon=\"file_download\"\n\t\t\t\t\t\tdata-qtmplayer-type=\"track\"\n\t\t\t class=\"qtmplayer-play qtmplayer-link-sec qtmplayer-play-btn\"><i class='material-icons'>play_arrow<\/i><\/span>\n\t\t<p>\n\t\t\t<span class=\"qtmplayer-tit\">4 de Abril: A paz permitiu o reencontro de todos os angolanos&#8221; Dom Vicente Carlos Kiaziku<\/span>\n\t\t\t<span class=\"qtmplayer-art\">RNA<\/span>\n\t\t<\/p>\n\t<\/li>\n\t\t<\/ul>\n\t<\/div>\t\t\t\n\t\n","protected":false},"excerpt":{"rendered":"<p>O Bispo de Mbanza Congo reconhece os in\u00fameros ganhos que os 21 anos de Paz e Reconcilia\u00e7\u00e3o trouxeram para o nosso Pa\u00eds. O Prelado cat\u00f3lico diz que a igreja vai continuar a intensificar a miss\u00e3o de moraliza\u00e7\u00e3o da sociedade angolana, para transforma\u00e7\u00e3o do cidad\u00e3o. Clique, no \u00e1udio abaixo e ou\u00e7a ...<\/p>\n","protected":false},"author":8,"featured_media":98658,"comment_status":"closed","ping_status":"closed","sticky":false,"template":"","format":"standard","meta":[],"categories":[142,121,163],"tags":[],"_links":{"self":[{"href":"https:\/\/rna.ao\/rna.ao\/wp-json\/wp\/v2\/posts\/98656"}],"collection":[{"href":"https:\/\/rna.ao\/rna.ao\/wp-json\/wp\/v2\/posts"}],"about":[{"href":"https:\/\/rna.ao\/rna.ao\/wp-json\/wp\/v2\/types\/post"}],"author":[{"embeddable":true,"href":"https:\/\/rna.ao\/rna.ao\/wp-json\/wp\/v2\/users\/8"}],"replies":[{"embeddable":true,"href":"https:\/\/rna.ao\/rna.ao\/wp-json\/wp\/v2\/comments?post=98656"}],"version-history":[{"count":1,"href":"https:\/\/rna.ao\/rna.ao\/wp-json\/wp\/v2\/posts\/98656\/revisions"}],"predecessor-version":[{"id":98659,"href":"https:\/\/rna.ao\/rna.ao\/wp-json\/wp\/v2\/posts\/98656\/revisions\/98659"}],"wp:featuredmedia":[{"embeddable":true,"href":"https:\/\/rna.ao\/rna.ao\/wp-json\/wp\/v2\/media\/98658"}],"wp:attachment":[{"href":"https:\/\/rna.ao\/rna.ao\/wp-json\/wp\/v2\/media?parent=98656"}],"wp:term":[{"taxonomy":"category","embeddable":true,"href":"https:\/\/rna.ao\/rna.ao\/wp-json\/wp\/v2\/categories?post=98656"},{"taxonomy":"post_tag","embeddable":true,"href":"https:\/\/rna.ao\/rna.ao\/wp-json\/wp\/v2\/tags?post=98656"}],"curies":[{"name":"wp","href":"https:\/\/api.w.org\/{rel}","templated":true}]}}