{"id":9865,"date":"2020-10-28T02:29:24","date_gmt":"2020-10-28T01:29:24","guid":{"rendered":"https:\/\/rna.ao\/rna.ao\/?p=9865"},"modified":"2020-10-28T02:29:24","modified_gmt":"2020-10-28T01:29:24","slug":"lider-do-paigc-informa-presidente-angolano-sobre-situacao-politica-na-guine-bissau","status":"publish","type":"post","link":"https:\/\/rna.ao\/rna.ao\/2020\/10\/28\/lider-do-paigc-informa-presidente-angolano-sobre-situacao-politica-na-guine-bissau\/","title":{"rendered":"L\u00edder do PAIGC informa Presidente angolano sobre situa\u00e7\u00e3o pol\u00edtica na Guin\u00e9-Bissau"},"content":{"rendered":"<p><img loading=\"lazy\" class=\"wp-image-9868 alignleft\" src=\"https:\/\/rna.ao\/rna.ao\/wp-content\/uploads\/2020\/10\/Domingos-Simoes-Pereira.jpg\" alt=\"\" width=\"404\" height=\"218\" \/><\/p>\n<p>O Presidente da Rep\u00fablica, Jo\u00e3o Manuel Gon\u00e7alves Louren\u00e7o, recebeu ter\u00e7a-feira, 27 de Outubro, em audi\u00eancia, no Pal\u00e1cio Presidencial da Cidade Alta, Domingos Sim\u00f5es Pereira, presidente do PAIGC, com quem falou sobre a situa\u00e7\u00e3o pol\u00edtica na Guin\u00e9-Bissau.<\/p>\n<p>Domingos Sim\u00f5es Pereira disse, no final da audi\u00eancia, \u00e0 imprensa, que veio \u00e0 Angola no quadro do refor\u00e7o da rela\u00e7\u00e3o partid\u00e1ria entre o MPLA e o PAIGC, e tamb\u00e9m pedir ajuda ao Chefe de Estado angolano, sobre a situa\u00e7\u00e3o pol\u00edtica do seu pa\u00eds. Clique no \u00e1udio, em baixo, e ou\u00e7a:<\/p>\n\t<div class=\"qtmplayer-playlist-large\">\n\t\t<ul class=\"qtmplayer-playlist\">\n\t\t\t\n\t\t\t\t\t<li class=\"qtmplayer-trackitem\">\n\t\t<img src=\"https:\/\/rna.ao\/rna.ao\/wp-content\/uploads\/2020\/10\/Domingos-Simoes-Pereira-100x100.jpg\" alt=\"cover\">\t\t<span \t\t\tdata-qtmplayer-cover=\"https:\/\/rna.ao\/rna.ao\/wp-content\/uploads\/2020\/10\/Domingos-Simoes-Pereira.jpg\"\n\t\t\t\t\t\tdata-qtmplayer-file=\"https:\/\/rna.ao\/rna.ao\/wp-content\/uploads\/2020\/10\/DOMINGOS-SIMOES-PEREIRA.mp3\"\n\t\t\t\t\t\tdata-qtmplayer-title=\"L\u00edder do PAIGC informa Presidente angolano sobre situa\u00e7\u00e3o pol\u00edtica na Guin\u00e9-Bissau\"\n\t\t\t\t\t\tdata-qtmplayer-artist=\"RNA\"\n\t\t\t\t\t\tdata-qtmplayer-link=\"https:\/\/rna.ao\/rna.ao\/2020\/10\/28\/lider-do-paigc-informa-presidente-angolano-sobre-situacao-politica-na-guine-bissau\/\"\n\t\t\t\t\t\tdata-qtmplayer-icon=\"file_download\"\n\t\t\t\t\t\tdata-qtmplayer-type=\"track\"\n\t\t\t class=\"qtmplayer-play qtmplayer-link-sec qtmplayer-play-btn\"><i class='material-icons'>play_arrow<\/i><\/span>\n\t\t<p>\n\t\t\t<span class=\"qtmplayer-tit\">L\u00edder do PAIGC informa Presidente angolano sobre situa\u00e7\u00e3o pol\u00edtica na Guin\u00e9-Bissau<\/span>\n\t\t\t<span class=\"qtmplayer-art\">RNA<\/span>\n\t\t<\/p>\n\t<\/li>\n\t\t<\/ul>\n\t<\/div>\t\t\t\n\t\n<p>Fonte: RNA<\/p>\n","protected":false},"excerpt":{"rendered":"<p>O Presidente da Rep\u00fablica, Jo\u00e3o Manuel Gon\u00e7alves Louren\u00e7o, recebeu ter\u00e7a-feira, 27 de Outubro, em audi\u00eancia, no Pal\u00e1cio Presidencial da Cidade Alta, Domingos Sim\u00f5es Pereira, presidente do PAIGC, com quem falou sobre a situa\u00e7\u00e3o pol\u00edtica na Guin\u00e9-Bissau. Domingos Sim\u00f5es Pereira disse, no final da audi\u00eancia, \u00e0 imprensa, que veio \u00e0 Angola ...<\/p>\n","protected":false},"author":8,"featured_media":9868,"comment_status":"closed","ping_status":"closed","sticky":false,"template":"","format":"standard","meta":[],"categories":[163],"tags":[],"_links":{"self":[{"href":"https:\/\/rna.ao\/rna.ao\/wp-json\/wp\/v2\/posts\/9865"}],"collection":[{"href":"https:\/\/rna.ao\/rna.ao\/wp-json\/wp\/v2\/posts"}],"about":[{"href":"https:\/\/rna.ao\/rna.ao\/wp-json\/wp\/v2\/types\/post"}],"author":[{"embeddable":true,"href":"https:\/\/rna.ao\/rna.ao\/wp-json\/wp\/v2\/users\/8"}],"replies":[{"embeddable":true,"href":"https:\/\/rna.ao\/rna.ao\/wp-json\/wp\/v2\/comments?post=9865"}],"version-history":[{"count":1,"href":"https:\/\/rna.ao\/rna.ao\/wp-json\/wp\/v2\/posts\/9865\/revisions"}],"predecessor-version":[{"id":9869,"href":"https:\/\/rna.ao\/rna.ao\/wp-json\/wp\/v2\/posts\/9865\/revisions\/9869"}],"wp:featuredmedia":[{"embeddable":true,"href":"https:\/\/rna.ao\/rna.ao\/wp-json\/wp\/v2\/media\/9868"}],"wp:attachment":[{"href":"https:\/\/rna.ao\/rna.ao\/wp-json\/wp\/v2\/media?parent=9865"}],"wp:term":[{"taxonomy":"category","embeddable":true,"href":"https:\/\/rna.ao\/rna.ao\/wp-json\/wp\/v2\/categories?post=9865"},{"taxonomy":"post_tag","embeddable":true,"href":"https:\/\/rna.ao\/rna.ao\/wp-json\/wp\/v2\/tags?post=9865"}],"curies":[{"name":"wp","href":"https:\/\/api.w.org\/{rel}","templated":true}]}}