{"id":9846,"date":"2020-10-27T14:07:23","date_gmt":"2020-10-27T13:07:23","guid":{"rendered":"https:\/\/rna.ao\/rna.ao\/?p=9846"},"modified":"2020-10-28T04:05:23","modified_gmt":"2020-10-28T03:05:23","slug":"angola-aposta-na-criacao-de-mecanismo-contra-ciberataques","status":"publish","type":"post","link":"https:\/\/rna.ao\/rna.ao\/2020\/10\/27\/angola-aposta-na-criacao-de-mecanismo-contra-ciberataques\/","title":{"rendered":"Angola aposta na cria\u00e7\u00e3o de mecanismo contra ciberataques"},"content":{"rendered":"<p>&nbsp;<\/p>\n<p><img loading=\"lazy\" class=\"size-full wp-image-9848 alignleft\" src=\"https:\/\/rna.ao\/rna.ao\/wp-content\/uploads\/2020\/10\/Mario-de-Oliveira-2.jpg\" alt=\"\" width=\"350\" height=\"250\" \/><\/p>\n<p>Especialista da Cabo-Verde, Portugal e Angola estiveram esta ter\u00e7a-feira, 27 de outubro, reunidos num F\u00f3rum virtual, organizado pela Direc\u00e7\u00e3o Nacional de Pol\u00edticas, Ciberseguran\u00e7a e Servi\u00e7os Digitais, noticiou a RNA.<\/p>\n<p>Durante a reuni\u00e3o foram analisados v\u00e1rios temas ligados a ciberseguran\u00e7a em Angola, e os instrumentos dispon\u00edveis para identifica\u00e7\u00e3o de assinaturas digitais, aquando da ocorr\u00eancia de crimes virtuais. Clique no \u00e1udio, em baixo, e ou\u00e7a a reportagem:<\/p>\n\t<div class=\"qtmplayer-playlist-large\">\n\t\t<ul class=\"qtmplayer-playlist\">\n\t\t\t\n\t\t\t\t\t<li class=\"qtmplayer-trackitem\">\n\t\t<img src=\"https:\/\/rna.ao\/rna.ao\/wp-content\/uploads\/2020\/10\/Mario-de-Oliveira-2-100x100.jpg\" alt=\"cover\">\t\t<span \t\t\tdata-qtmplayer-cover=\"https:\/\/rna.ao\/rna.ao\/wp-content\/uploads\/2020\/10\/Mario-de-Oliveira-2.jpg\"\n\t\t\t\t\t\tdata-qtmplayer-file=\"https:\/\/rna.ao\/rna.ao\/wp-content\/uploads\/2020\/10\/NEUSA-E-SILVA-13HRS.mp3\"\n\t\t\t\t\t\tdata-qtmplayer-title=\"Angola aposta na cria\u00e7\u00e3o de mecanismo contra ciberataques\"\n\t\t\t\t\t\tdata-qtmplayer-artist=\"RNA\"\n\t\t\t\t\t\tdata-qtmplayer-link=\"https:\/\/rna.ao\/rna.ao\/2020\/10\/27\/angola-aposta-na-criacao-de-mecanismo-contra-ciberataques\/\"\n\t\t\t\t\t\tdata-qtmplayer-icon=\"file_download\"\n\t\t\t\t\t\tdata-qtmplayer-type=\"track\"\n\t\t\t class=\"qtmplayer-play qtmplayer-link-sec qtmplayer-play-btn\"><i class='material-icons'>play_arrow<\/i><\/span>\n\t\t<p>\n\t\t\t<span class=\"qtmplayer-tit\">Angola aposta na cria\u00e7\u00e3o de mecanismo contra ciberataques<\/span>\n\t\t\t<span class=\"qtmplayer-art\">RNA<\/span>\n\t\t<\/p>\n\t<\/li>\n\t\t<\/ul>\n\t<\/div>\t\t\t\n\t\n<p>Fonte: RNA &#8211; Jornalista Neusa e Silva<\/p>\n","protected":false},"excerpt":{"rendered":"<p>&nbsp; Especialista da Cabo-Verde, Portugal e Angola estiveram esta ter\u00e7a-feira, 27 de outubro, reunidos num F\u00f3rum virtual, organizado pela Direc\u00e7\u00e3o Nacional de Pol\u00edticas, Ciberseguran\u00e7a e Servi\u00e7os Digitais, noticiou a RNA. Durante a reuni\u00e3o foram analisados v\u00e1rios temas ligados a ciberseguran\u00e7a em Angola, e os instrumentos dispon\u00edveis para identifica\u00e7\u00e3o de assinaturas ...<\/p>\n","protected":false},"author":8,"featured_media":9848,"comment_status":"closed","ping_status":"closed","sticky":false,"template":"","format":"standard","meta":[],"categories":[163],"tags":[],"_links":{"self":[{"href":"https:\/\/rna.ao\/rna.ao\/wp-json\/wp\/v2\/posts\/9846"}],"collection":[{"href":"https:\/\/rna.ao\/rna.ao\/wp-json\/wp\/v2\/posts"}],"about":[{"href":"https:\/\/rna.ao\/rna.ao\/wp-json\/wp\/v2\/types\/post"}],"author":[{"embeddable":true,"href":"https:\/\/rna.ao\/rna.ao\/wp-json\/wp\/v2\/users\/8"}],"replies":[{"embeddable":true,"href":"https:\/\/rna.ao\/rna.ao\/wp-json\/wp\/v2\/comments?post=9846"}],"version-history":[{"count":1,"href":"https:\/\/rna.ao\/rna.ao\/wp-json\/wp\/v2\/posts\/9846\/revisions"}],"predecessor-version":[{"id":9849,"href":"https:\/\/rna.ao\/rna.ao\/wp-json\/wp\/v2\/posts\/9846\/revisions\/9849"}],"wp:featuredmedia":[{"embeddable":true,"href":"https:\/\/rna.ao\/rna.ao\/wp-json\/wp\/v2\/media\/9848"}],"wp:attachment":[{"href":"https:\/\/rna.ao\/rna.ao\/wp-json\/wp\/v2\/media?parent=9846"}],"wp:term":[{"taxonomy":"category","embeddable":true,"href":"https:\/\/rna.ao\/rna.ao\/wp-json\/wp\/v2\/categories?post=9846"},{"taxonomy":"post_tag","embeddable":true,"href":"https:\/\/rna.ao\/rna.ao\/wp-json\/wp\/v2\/tags?post=9846"}],"curies":[{"name":"wp","href":"https:\/\/api.w.org\/{rel}","templated":true}]}}