{"id":9834,"date":"2020-10-27T13:18:49","date_gmt":"2020-10-27T12:18:49","guid":{"rendered":"https:\/\/rna.ao\/rna.ao\/?p=9834"},"modified":"2020-10-27T13:18:49","modified_gmt":"2020-10-27T12:18:49","slug":"parlamento-aprova-suspensao-de-mandato-e-retirada-de-imunidades-a-manuel-rabelais","status":"publish","type":"post","link":"https:\/\/rna.ao\/rna.ao\/2020\/10\/27\/parlamento-aprova-suspensao-de-mandato-e-retirada-de-imunidades-a-manuel-rabelais\/","title":{"rendered":"Parlamento aprova suspens\u00e3o de mandato e retirada de imunidades \u00e0 Manuel Rabelais"},"content":{"rendered":"<p><img loading=\"lazy\" class=\"wp-image-9836 alignleft\" src=\"https:\/\/rna.ao\/rna.ao\/wp-content\/uploads\/2020\/10\/manuel_rebelas.jpg\" alt=\"\" width=\"208\" height=\"151\" \/><\/p>\n<p>A Assembleia Nacional aprovou esta ter\u00e7a-feira, 27 de Outubro, em plen\u00e1ria extraordin\u00e1ria,\u00a0 com 170 votos a favor, a suspens\u00e3o do mandato e retirada de imunidades do deputado do MPLA, Manuel Rabelais, para se poder dar seguimento ao julgamento no Tribunal Supremo dos crimes que pesam sobre si. Clique no \u00e1udio, em baixo, e ou\u00e7a com mais detalhes na reportagem:<\/p>\n\t<div class=\"qtmplayer-playlist-large\">\n\t\t<ul class=\"qtmplayer-playlist\">\n\t\t\t\n\t\t\t\t\t<li class=\"qtmplayer-trackitem\">\n\t\t<img src=\"https:\/\/rna.ao\/rna.ao\/wp-content\/uploads\/2020\/10\/manuel_rebelas-100x100.jpg\" alt=\"cover\">\t\t<span \t\t\tdata-qtmplayer-cover=\"https:\/\/rna.ao\/rna.ao\/wp-content\/uploads\/2020\/10\/manuel_rebelas.jpg\"\n\t\t\t\t\t\tdata-qtmplayer-file=\"https:\/\/rna.ao\/rna.ao\/wp-content\/uploads\/2020\/10\/MANUEL-ESPERANCA-PARLAMENTO-13-HRS-BOM-BOM.mp3\"\n\t\t\t\t\t\tdata-qtmplayer-title=\"Parlamento aprova suspens\u00e3o de mandato e retirada de imunidades \u00e0 Manuel Rabelais\"\n\t\t\t\t\t\tdata-qtmplayer-artist=\"RNA\"\n\t\t\t\t\t\tdata-qtmplayer-link=\"https:\/\/rna.ao\/rna.ao\/2020\/10\/27\/parlamento-aprova-suspensao-de-mandato-e-retirada-de-imunidades-a-manuel-rabelais\/\"\n\t\t\t\t\t\tdata-qtmplayer-icon=\"file_download\"\n\t\t\t\t\t\tdata-qtmplayer-type=\"track\"\n\t\t\t class=\"qtmplayer-play qtmplayer-link-sec qtmplayer-play-btn\"><i class='material-icons'>play_arrow<\/i><\/span>\n\t\t<p>\n\t\t\t<span class=\"qtmplayer-tit\">Parlamento aprova suspens\u00e3o de mandato e retirada de imunidades \u00e0 Manuel Rabelais<\/span>\n\t\t\t<span class=\"qtmplayer-art\">RNA<\/span>\n\t\t<\/p>\n\t<\/li>\n\t\t<\/ul>\n\t<\/div>\t\t\t\n\t\n<p>Fonte: RNA &#8211; Jornalista Manuel Esperan\u00e7a<\/p>\n","protected":false},"excerpt":{"rendered":"<p>A Assembleia Nacional aprovou esta ter\u00e7a-feira, 27 de Outubro, em plen\u00e1ria extraordin\u00e1ria,\u00a0 com 170 votos a favor, a suspens\u00e3o do mandato e retirada de imunidades do deputado do MPLA, Manuel Rabelais, para se poder dar seguimento ao julgamento no Tribunal Supremo dos crimes que pesam sobre si. Clique no \u00e1udio, ...<\/p>\n","protected":false},"author":8,"featured_media":9836,"comment_status":"closed","ping_status":"closed","sticky":false,"template":"","format":"standard","meta":[],"categories":[142,163],"tags":[],"_links":{"self":[{"href":"https:\/\/rna.ao\/rna.ao\/wp-json\/wp\/v2\/posts\/9834"}],"collection":[{"href":"https:\/\/rna.ao\/rna.ao\/wp-json\/wp\/v2\/posts"}],"about":[{"href":"https:\/\/rna.ao\/rna.ao\/wp-json\/wp\/v2\/types\/post"}],"author":[{"embeddable":true,"href":"https:\/\/rna.ao\/rna.ao\/wp-json\/wp\/v2\/users\/8"}],"replies":[{"embeddable":true,"href":"https:\/\/rna.ao\/rna.ao\/wp-json\/wp\/v2\/comments?post=9834"}],"version-history":[{"count":1,"href":"https:\/\/rna.ao\/rna.ao\/wp-json\/wp\/v2\/posts\/9834\/revisions"}],"predecessor-version":[{"id":9837,"href":"https:\/\/rna.ao\/rna.ao\/wp-json\/wp\/v2\/posts\/9834\/revisions\/9837"}],"wp:featuredmedia":[{"embeddable":true,"href":"https:\/\/rna.ao\/rna.ao\/wp-json\/wp\/v2\/media\/9836"}],"wp:attachment":[{"href":"https:\/\/rna.ao\/rna.ao\/wp-json\/wp\/v2\/media?parent=9834"}],"wp:term":[{"taxonomy":"category","embeddable":true,"href":"https:\/\/rna.ao\/rna.ao\/wp-json\/wp\/v2\/categories?post=9834"},{"taxonomy":"post_tag","embeddable":true,"href":"https:\/\/rna.ao\/rna.ao\/wp-json\/wp\/v2\/tags?post=9834"}],"curies":[{"name":"wp","href":"https:\/\/api.w.org\/{rel}","templated":true}]}}