{"id":9831,"date":"2020-10-27T13:54:49","date_gmt":"2020-10-27T12:54:49","guid":{"rendered":"https:\/\/rna.ao\/rna.ao\/?p=9831"},"modified":"2020-10-27T13:54:49","modified_gmt":"2020-10-27T12:54:49","slug":"pr-empossa-novos-membros-do-governo-e-embaixadores","status":"publish","type":"post","link":"https:\/\/rna.ao\/rna.ao\/2020\/10\/27\/pr-empossa-novos-membros-do-governo-e-embaixadores\/","title":{"rendered":"PR empossa novos membros do Governo e Embaixadores"},"content":{"rendered":"<p><img loading=\"lazy\" class=\"wp-image-9843 alignleft\" src=\"https:\/\/rna.ao\/rna.ao\/wp-content\/uploads\/2020\/10\/PR-Empossamento.jpg\" alt=\"\" width=\"315\" height=\"170\" \/><\/p>\n<p>O Presidente da Rep\u00fablica, Jo\u00e3o Manuel Gon\u00e7alves Louren\u00e7o, empossou esta ter\u00e7a-feira, 27 de Outubro, em cerim\u00f3nia que teve lugar no Pal\u00e1cio Presidencial \u00e0 Cidade Alta, novos membros do Governo, com destaque para o Ministro da Cultura, Turismo e Ambiente, Jomo Fortunato, e o Governador da Prov\u00edncia do U\u00edge, Jos\u00e9 Carvalho da Rocha.<\/p>\n<p>Foram ainda empossados alguns embaixadores angolanos, o vice-governador do Cunene e a nova consultora do Chefe de Estado angolano. Clique no \u00e1udio, em baixo, e saiba mais na reportagem:<\/p>\n\t<div class=\"qtmplayer-playlist-large\">\n\t\t<ul class=\"qtmplayer-playlist\">\n\t\t\t\n\t\t\t\t\t<li class=\"qtmplayer-trackitem\">\n\t\t<img src=\"https:\/\/rna.ao\/rna.ao\/wp-content\/uploads\/2020\/10\/PR-Empossamento-100x100.jpg\" alt=\"cover\">\t\t<span \t\t\tdata-qtmplayer-cover=\"https:\/\/rna.ao\/rna.ao\/wp-content\/uploads\/2020\/10\/PR-Empossamento.jpg\"\n\t\t\t\t\t\tdata-qtmplayer-file=\"https:\/\/rna.ao\/rna.ao\/wp-content\/uploads\/2020\/10\/JULIA-GONCALVES-2.mp3\"\n\t\t\t\t\t\tdata-qtmplayer-title=\"PR empossa novos membros do Governo e Embaixadores\"\n\t\t\t\t\t\tdata-qtmplayer-artist=\"RNA\"\n\t\t\t\t\t\tdata-qtmplayer-link=\"https:\/\/rna.ao\/rna.ao\/2020\/10\/27\/pr-empossa-novos-membros-do-governo-e-embaixadores\/\"\n\t\t\t\t\t\tdata-qtmplayer-icon=\"file_download\"\n\t\t\t\t\t\tdata-qtmplayer-type=\"track\"\n\t\t\t class=\"qtmplayer-play qtmplayer-link-sec qtmplayer-play-btn\"><i class='material-icons'>play_arrow<\/i><\/span>\n\t\t<p>\n\t\t\t<span class=\"qtmplayer-tit\">PR empossa novos membros do Governo e Embaixadores<\/span>\n\t\t\t<span class=\"qtmplayer-art\">RNA<\/span>\n\t\t<\/p>\n\t<\/li>\n\t\t<\/ul>\n\t<\/div>\t\t\t\n\t\n<p>Fonte: RNA &#8211; Jornalista J\u00falia Gon\u00e7alves<\/p>\n","protected":false},"excerpt":{"rendered":"<p>O Presidente da Rep\u00fablica, Jo\u00e3o Manuel Gon\u00e7alves Louren\u00e7o, empossou esta ter\u00e7a-feira, 27 de Outubro, em cerim\u00f3nia que teve lugar no Pal\u00e1cio Presidencial \u00e0 Cidade Alta, novos membros do Governo, com destaque para o Ministro da Cultura, Turismo e Ambiente, Jomo Fortunato, e o Governador da Prov\u00edncia do U\u00edge, Jos\u00e9 Carvalho ...<\/p>\n","protected":false},"author":8,"featured_media":9843,"comment_status":"closed","ping_status":"closed","sticky":false,"template":"","format":"standard","meta":[],"categories":[142,163],"tags":[],"_links":{"self":[{"href":"https:\/\/rna.ao\/rna.ao\/wp-json\/wp\/v2\/posts\/9831"}],"collection":[{"href":"https:\/\/rna.ao\/rna.ao\/wp-json\/wp\/v2\/posts"}],"about":[{"href":"https:\/\/rna.ao\/rna.ao\/wp-json\/wp\/v2\/types\/post"}],"author":[{"embeddable":true,"href":"https:\/\/rna.ao\/rna.ao\/wp-json\/wp\/v2\/users\/8"}],"replies":[{"embeddable":true,"href":"https:\/\/rna.ao\/rna.ao\/wp-json\/wp\/v2\/comments?post=9831"}],"version-history":[{"count":1,"href":"https:\/\/rna.ao\/rna.ao\/wp-json\/wp\/v2\/posts\/9831\/revisions"}],"predecessor-version":[{"id":9844,"href":"https:\/\/rna.ao\/rna.ao\/wp-json\/wp\/v2\/posts\/9831\/revisions\/9844"}],"wp:featuredmedia":[{"embeddable":true,"href":"https:\/\/rna.ao\/rna.ao\/wp-json\/wp\/v2\/media\/9843"}],"wp:attachment":[{"href":"https:\/\/rna.ao\/rna.ao\/wp-json\/wp\/v2\/media?parent=9831"}],"wp:term":[{"taxonomy":"category","embeddable":true,"href":"https:\/\/rna.ao\/rna.ao\/wp-json\/wp\/v2\/categories?post=9831"},{"taxonomy":"post_tag","embeddable":true,"href":"https:\/\/rna.ao\/rna.ao\/wp-json\/wp\/v2\/tags?post=9831"}],"curies":[{"name":"wp","href":"https:\/\/api.w.org\/{rel}","templated":true}]}}