{"id":9802,"date":"2020-10-27T10:34:18","date_gmt":"2020-10-27T09:34:18","guid":{"rendered":"https:\/\/rna.ao\/rna.ao\/?p=9802"},"modified":"2020-10-27T10:34:18","modified_gmt":"2020-10-27T09:34:18","slug":"populacoes-reclamam-do-fornecimento-de-energia-no-bie","status":"publish","type":"post","link":"https:\/\/rna.ao\/rna.ao\/2020\/10\/27\/populacoes-reclamam-do-fornecimento-de-energia-no-bie\/","title":{"rendered":"Popula\u00e7\u00f5es reclamam do fornecimento de energia no Bi\u00e9"},"content":{"rendered":"<p><img loading=\"lazy\" class=\"size-full wp-image-9804 alignleft\" src=\"https:\/\/rna.ao\/rna.ao\/wp-content\/uploads\/2020\/10\/enr.jpg\" alt=\"\" width=\"298\" height=\"168\" \/>Localidades da prov\u00edncia do Bi\u00e9 est\u00e3o privadas do fornecimento de energia el\u00e9ctrica, fazendo com que as popula\u00e7\u00f5es agastadas reclamassem pelos problemas do servi\u00e7o, bem como, o n\u00e3o cumprimento das promessas de eletrifica\u00e7\u00e3o municipal, noticiou a RNA, ter\u00e7a-feira, 27\/10.<\/p>\n<p>De acordo com os populares entrevistados pela Reportagem da RNA, sempre que h\u00e1 problemas no referido servi\u00e7o quem sofre \u00e9 a popula\u00e7\u00e3o.<\/p>\n<p>\u201cEstamos em p\u00e9ssimas condi\u00e7\u00f5es, houve promessas dos respons\u00e1veis que nos dariam energia da Barragem de La\u00faca, mas estamos a ver que as promessas n\u00e3o est\u00e3o a ser cumpridas\u201d, criticaram.<\/p>\n<p>Ao n\u00edvel da administra\u00e7\u00e3o local do Estado, a justifica\u00e7\u00e3o \u00e9 que as alternativas est\u00e3o todas avariadas, havendo neste momento esfor\u00e7os para a reposi\u00e7\u00e3o do fornecimento de energia que vem da barragem.<\/p>\n","protected":false},"excerpt":{"rendered":"<p>Localidades da prov\u00edncia do Bi\u00e9 est\u00e3o privadas do fornecimento de energia el\u00e9ctrica, fazendo com que as popula\u00e7\u00f5es agastadas reclamassem pelos problemas do servi\u00e7o, bem como, o n\u00e3o cumprimento das promessas de eletrifica\u00e7\u00e3o municipal, noticiou a RNA, ter\u00e7a-feira, 27\/10. De acordo com os populares entrevistados pela Reportagem da RNA, sempre que ...<\/p>\n","protected":false},"author":8,"featured_media":9804,"comment_status":"closed","ping_status":"closed","sticky":false,"template":"","format":"standard","meta":[],"categories":[142],"tags":[],"_links":{"self":[{"href":"https:\/\/rna.ao\/rna.ao\/wp-json\/wp\/v2\/posts\/9802"}],"collection":[{"href":"https:\/\/rna.ao\/rna.ao\/wp-json\/wp\/v2\/posts"}],"about":[{"href":"https:\/\/rna.ao\/rna.ao\/wp-json\/wp\/v2\/types\/post"}],"author":[{"embeddable":true,"href":"https:\/\/rna.ao\/rna.ao\/wp-json\/wp\/v2\/users\/8"}],"replies":[{"embeddable":true,"href":"https:\/\/rna.ao\/rna.ao\/wp-json\/wp\/v2\/comments?post=9802"}],"version-history":[{"count":1,"href":"https:\/\/rna.ao\/rna.ao\/wp-json\/wp\/v2\/posts\/9802\/revisions"}],"predecessor-version":[{"id":9805,"href":"https:\/\/rna.ao\/rna.ao\/wp-json\/wp\/v2\/posts\/9802\/revisions\/9805"}],"wp:featuredmedia":[{"embeddable":true,"href":"https:\/\/rna.ao\/rna.ao\/wp-json\/wp\/v2\/media\/9804"}],"wp:attachment":[{"href":"https:\/\/rna.ao\/rna.ao\/wp-json\/wp\/v2\/media?parent=9802"}],"wp:term":[{"taxonomy":"category","embeddable":true,"href":"https:\/\/rna.ao\/rna.ao\/wp-json\/wp\/v2\/categories?post=9802"},{"taxonomy":"post_tag","embeddable":true,"href":"https:\/\/rna.ao\/rna.ao\/wp-json\/wp\/v2\/tags?post=9802"}],"curies":[{"name":"wp","href":"https:\/\/api.w.org\/{rel}","templated":true}]}}