{"id":9796,"date":"2020-10-27T10:28:08","date_gmt":"2020-10-27T09:28:08","guid":{"rendered":"https:\/\/rna.ao\/rna.ao\/?p=9796"},"modified":"2020-10-27T10:28:08","modified_gmt":"2020-10-27T09:28:08","slug":"reinicio-das-aulas-no-ensino-primario-anulado-e-nao-suspenso-em-angola","status":"publish","type":"post","link":"https:\/\/rna.ao\/rna.ao\/2020\/10\/27\/reinicio-das-aulas-no-ensino-primario-anulado-e-nao-suspenso-em-angola\/","title":{"rendered":"Rein\u00edcio das aulas no ensino prim\u00e1rio anulado e n\u00e3o suspenso em Angola"},"content":{"rendered":"<p><img loading=\"lazy\" class=\"size-full wp-image-7925 alignleft\" src=\"https:\/\/rna.ao\/rna.ao\/wp-content\/uploads\/2020\/10\/sal-aul.jpg\" alt=\"\" width=\"500\" height=\"375\" \/>O rein\u00edcio das aulas no ensino prim\u00e1rio em Angola poder\u00e1 ficar anulado, temporariamente, e n\u00e3o suspenso, segundo garantias dadas pelo Secret\u00e1rio de Estado da educa\u00e7\u00e3o, quando trabalhava segunda-feira, 26\/10, na prov\u00edncia do Kwanza-Norte.<\/p>\n<p>Falando \u00e0 Reportagem da RNA, Francisco Pacheco, precisou que, o ano lectivo reatou agora em Outubro, e vai at\u00e9 Junho \u2013 \u201cQuando houver motivo, isto sim, n\u00f3s iremos suspender as aulas\u201d, afirmou.<\/p>\n<p>\u201cSab\u00edamos perfeitamente, que estes seriam os meses de maiores infec\u00e7\u00f5es no pa\u00eds, mas estamos a aguardar caso isto n\u00e3o afecte muito os alunos, a\u00ed sim o Minist\u00e9rio da sa\u00fade poder\u00e1 pronunciar-se sobre o caso. Pod\u00edamos ter o rein\u00edcio das aulas no ensino prim\u00e1rio, tal n\u00e3o se deu por causa desta situa\u00e7\u00e3o, ent\u00e3o, estamos a aguardar que se normalize, quando acontecer nos poderemos prosseguir\u201d, explicou.<\/p>\n<p>Por outro lado, o governante indicou responsabilidades \u00e0s Administra\u00e7\u00f5es locais da prov\u00edncia do Kwanza-Norte, na aquisi\u00e7\u00e3o de material de refor\u00e7o as condi\u00e7\u00f5es de preven\u00e7\u00e3o e combate \u00e0 Covid-19.<\/p>\n<p>A referida prov\u00edncia est\u00e1 com um bom trabalho ao n\u00edvel das escolas, visto que, grande parte delas s\u00e3o dependentes, n\u00e3o t\u00eam or\u00e7amento pr\u00f3prio para assegurar o seu funcionamento.<\/p>\n","protected":false},"excerpt":{"rendered":"<p>O rein\u00edcio das aulas no ensino prim\u00e1rio em Angola poder\u00e1 ficar anulado, temporariamente, e n\u00e3o suspenso, segundo garantias dadas pelo Secret\u00e1rio de Estado da educa\u00e7\u00e3o, quando trabalhava segunda-feira, 26\/10, na prov\u00edncia do Kwanza-Norte. Falando \u00e0 Reportagem da RNA, Francisco Pacheco, precisou que, o ano lectivo reatou agora em Outubro, e ...<\/p>\n","protected":false},"author":8,"featured_media":7925,"comment_status":"closed","ping_status":"closed","sticky":false,"template":"","format":"standard","meta":[],"categories":[141],"tags":[],"_links":{"self":[{"href":"https:\/\/rna.ao\/rna.ao\/wp-json\/wp\/v2\/posts\/9796"}],"collection":[{"href":"https:\/\/rna.ao\/rna.ao\/wp-json\/wp\/v2\/posts"}],"about":[{"href":"https:\/\/rna.ao\/rna.ao\/wp-json\/wp\/v2\/types\/post"}],"author":[{"embeddable":true,"href":"https:\/\/rna.ao\/rna.ao\/wp-json\/wp\/v2\/users\/8"}],"replies":[{"embeddable":true,"href":"https:\/\/rna.ao\/rna.ao\/wp-json\/wp\/v2\/comments?post=9796"}],"version-history":[{"count":1,"href":"https:\/\/rna.ao\/rna.ao\/wp-json\/wp\/v2\/posts\/9796\/revisions"}],"predecessor-version":[{"id":9800,"href":"https:\/\/rna.ao\/rna.ao\/wp-json\/wp\/v2\/posts\/9796\/revisions\/9800"}],"wp:featuredmedia":[{"embeddable":true,"href":"https:\/\/rna.ao\/rna.ao\/wp-json\/wp\/v2\/media\/7925"}],"wp:attachment":[{"href":"https:\/\/rna.ao\/rna.ao\/wp-json\/wp\/v2\/media?parent=9796"}],"wp:term":[{"taxonomy":"category","embeddable":true,"href":"https:\/\/rna.ao\/rna.ao\/wp-json\/wp\/v2\/categories?post=9796"},{"taxonomy":"post_tag","embeddable":true,"href":"https:\/\/rna.ao\/rna.ao\/wp-json\/wp\/v2\/tags?post=9796"}],"curies":[{"name":"wp","href":"https:\/\/api.w.org\/{rel}","templated":true}]}}