{"id":9793,"date":"2020-10-27T07:40:35","date_gmt":"2020-10-27T06:40:35","guid":{"rendered":"https:\/\/rna.ao\/rna.ao\/?p=9793"},"modified":"2020-10-27T10:28:11","modified_gmt":"2020-10-27T09:28:11","slug":"covid-19-angola-regista-263-novos-casos-dos-quais166-em-luanda","status":"publish","type":"post","link":"https:\/\/rna.ao\/rna.ao\/2020\/10\/27\/covid-19-angola-regista-263-novos-casos-dos-quais166-em-luanda\/","title":{"rendered":"Covid-19: Angola regista 263 novos casos dos quais166 em Luanda"},"content":{"rendered":"<p><img loading=\"lazy\" class=\"wp-image-7890 alignleft\" src=\"https:\/\/rna.ao\/rna.ao\/wp-content\/uploads\/2020\/10\/Franco-Mufinda1.jpg\" alt=\"\" width=\"297\" height=\"220\" \/><\/p>\n<p>O pa\u00eds registou na segunda-feira, 26 de Outubro, mais 263 casos novos de Covid-19, com duas mortes e recupera\u00e7\u00e3o de vinte e duas pessoas, apurou a R\u00e1dio Luanda.<\/p>\n<p>O anuncio foi feito pelo Secret\u00e1rio de Estado da Sa\u00fade, Franco Mufinda (na foto), em confer\u00eancia de imprensa, durante o habitual balan\u00e7o sobre a evolu\u00e7\u00e3o da pandemia no pa\u00eds.<\/p>\n<p>De acordo com Franco Mufinda, Luanda, que \u00e9 actualmente o epicentro da pandemia no pa\u00eds, teve um registo de cento e sessenta e seis casos novos. Clique no \u00c1udio, em baixo, e ou\u00e7a:<\/p>\n\t<div class=\"qtmplayer-playlist-large\">\n\t\t<ul class=\"qtmplayer-playlist\">\n\t\t\t\n\t\t\t\t\t<li class=\"qtmplayer-trackitem\">\n\t\t<img src=\"https:\/\/rna.ao\/rna.ao\/wp-content\/uploads\/2020\/10\/Franco-Mufinda1-100x100.jpg\" alt=\"cover\">\t\t<span \t\t\tdata-qtmplayer-cover=\"https:\/\/rna.ao\/rna.ao\/wp-content\/uploads\/2020\/10\/Franco-Mufinda1.jpg\"\n\t\t\t\t\t\tdata-qtmplayer-file=\"https:\/\/rna.ao\/rna.ao\/wp-content\/uploads\/2020\/10\/FRANCO-MUFINDA-06HRS.mp3\"\n\t\t\t\t\t\tdata-qtmplayer-title=\"Covid-19: Angola regista 263 novos casos dos quais166 em Luanda\"\n\t\t\t\t\t\tdata-qtmplayer-artist=\"RNA\"\n\t\t\t\t\t\tdata-qtmplayer-link=\"https:\/\/rna.ao\/rna.ao\/2020\/10\/27\/covid-19-angola-regista-263-novos-casos-dos-quais166-em-luanda\/\"\n\t\t\t\t\t\tdata-qtmplayer-icon=\"file_download\"\n\t\t\t\t\t\tdata-qtmplayer-type=\"track\"\n\t\t\t class=\"qtmplayer-play qtmplayer-link-sec qtmplayer-play-btn\"><i class='material-icons'>play_arrow<\/i><\/span>\n\t\t<p>\n\t\t\t<span class=\"qtmplayer-tit\">Covid-19: Angola regista 263 novos casos dos quais166 em Luanda<\/span>\n\t\t\t<span class=\"qtmplayer-art\">RNA<\/span>\n\t\t<\/p>\n\t<\/li>\n\t\t<\/ul>\n\t<\/div>\t\t\t\n\t\n","protected":false},"excerpt":{"rendered":"<p>O pa\u00eds registou na segunda-feira, 26 de Outubro, mais 263 casos novos de Covid-19, com duas mortes e recupera\u00e7\u00e3o de vinte e duas pessoas, apurou a R\u00e1dio Luanda. O anuncio foi feito pelo Secret\u00e1rio de Estado da Sa\u00fade, Franco Mufinda (na foto), em confer\u00eancia de imprensa, durante o habitual balan\u00e7o ...<\/p>\n","protected":false},"author":8,"featured_media":7890,"comment_status":"closed","ping_status":"closed","sticky":false,"template":"","format":"standard","meta":[],"categories":[141,133],"tags":[],"_links":{"self":[{"href":"https:\/\/rna.ao\/rna.ao\/wp-json\/wp\/v2\/posts\/9793"}],"collection":[{"href":"https:\/\/rna.ao\/rna.ao\/wp-json\/wp\/v2\/posts"}],"about":[{"href":"https:\/\/rna.ao\/rna.ao\/wp-json\/wp\/v2\/types\/post"}],"author":[{"embeddable":true,"href":"https:\/\/rna.ao\/rna.ao\/wp-json\/wp\/v2\/users\/8"}],"replies":[{"embeddable":true,"href":"https:\/\/rna.ao\/rna.ao\/wp-json\/wp\/v2\/comments?post=9793"}],"version-history":[{"count":3,"href":"https:\/\/rna.ao\/rna.ao\/wp-json\/wp\/v2\/posts\/9793\/revisions"}],"predecessor-version":[{"id":9801,"href":"https:\/\/rna.ao\/rna.ao\/wp-json\/wp\/v2\/posts\/9793\/revisions\/9801"}],"wp:featuredmedia":[{"embeddable":true,"href":"https:\/\/rna.ao\/rna.ao\/wp-json\/wp\/v2\/media\/7890"}],"wp:attachment":[{"href":"https:\/\/rna.ao\/rna.ao\/wp-json\/wp\/v2\/media?parent=9793"}],"wp:term":[{"taxonomy":"category","embeddable":true,"href":"https:\/\/rna.ao\/rna.ao\/wp-json\/wp\/v2\/categories?post=9793"},{"taxonomy":"post_tag","embeddable":true,"href":"https:\/\/rna.ao\/rna.ao\/wp-json\/wp\/v2\/tags?post=9793"}],"curies":[{"name":"wp","href":"https:\/\/api.w.org\/{rel}","templated":true}]}}