{"id":9788,"date":"2020-10-27T09:41:00","date_gmt":"2020-10-27T08:41:00","guid":{"rendered":"https:\/\/rna.ao\/rna.ao\/?p=9788"},"modified":"2020-10-27T09:53:05","modified_gmt":"2020-10-27T08:53:05","slug":"circuito-de-teatro-este-ano-so-com-grupos-de-luanda","status":"publish","type":"post","link":"https:\/\/rna.ao\/rna.ao\/2020\/10\/27\/circuito-de-teatro-este-ano-so-com-grupos-de-luanda\/","title":{"rendered":"Circuito de teatro este ano s\u00f3 com grupos de Luanda"},"content":{"rendered":"<p><img loading=\"lazy\" class=\"size-full wp-image-9790 alignleft\" src=\"https:\/\/rna.ao\/rna.ao\/wp-content\/uploads\/2020\/10\/teat.gif\" alt=\"\" width=\"467\" height=\"345\" \/>O circuito internacional de teatro que inicia em Luanda, na sexta-feira, 30 de Novembro, contar\u00e1 apenas com grupos teatrais da capital do pa\u00eds, em apresenta\u00e7\u00f5es que n\u00e3o ter\u00e1 a presen\u00e7a de p\u00fablico devido a pandemia da Covid-19, noticiou a RNA.<\/p>\n<p>De acordo com a direc\u00e7\u00e3o da actividade enquadrada no lema \u201cCultura para todos\u201d, o programa como tal que estava reservado para o presente ano passar\u00e1 para 2021.<\/p>\n<p>Grupos teatrais, t\u00e9cnicos e pessoal da organiza\u00e7\u00e3o v\u00e3o todos trabalhar para transmitir as exibi\u00e7\u00f5es dos grupos teatrais, visto que, n\u00e3o haver\u00e1 plateia.<\/p>\n<p>De referir que, na presente edi\u00e7\u00e3o a organiza\u00e7\u00e3o programou uma novidade que \u00e9 o Pr\u00e9mio Fragata de Morais, como forma de homenagear a contribui\u00e7\u00e3o do dramaturgo angolano nas artes c\u00e9nicas angolanas, com as suas obras liter\u00e1rias, textos hist\u00f3ricos das viv\u00eancias das comunidades angolanas, seus h\u00e1bitos e costume.<\/p>\n<p>\u201cVamos ter neste sentido, uma equipa de avalia\u00e7\u00e3o dos grupos classificados, em que o pr\u00f3prio homenageado estar\u00e1 presente, porque h\u00e1 d\u00e9cadas que ele trabalha para a cultura, especificamente, para o teatro. Ele que \u00e9 um grande dramaturgo, foi encenador, actor, e escreve para o teatro\u201d, concluiu.<\/p>\n","protected":false},"excerpt":{"rendered":"<p>O circuito internacional de teatro que inicia em Luanda, na sexta-feira, 30 de Novembro, contar\u00e1 apenas com grupos teatrais da capital do pa\u00eds, em apresenta\u00e7\u00f5es que n\u00e3o ter\u00e1 a presen\u00e7a de p\u00fablico devido a pandemia da Covid-19, noticiou a RNA. De acordo com a direc\u00e7\u00e3o da actividade enquadrada no lema ...<\/p>\n","protected":false},"author":8,"featured_media":9790,"comment_status":"closed","ping_status":"closed","sticky":false,"template":"","format":"standard","meta":[],"categories":[141],"tags":[],"_links":{"self":[{"href":"https:\/\/rna.ao\/rna.ao\/wp-json\/wp\/v2\/posts\/9788"}],"collection":[{"href":"https:\/\/rna.ao\/rna.ao\/wp-json\/wp\/v2\/posts"}],"about":[{"href":"https:\/\/rna.ao\/rna.ao\/wp-json\/wp\/v2\/types\/post"}],"author":[{"embeddable":true,"href":"https:\/\/rna.ao\/rna.ao\/wp-json\/wp\/v2\/users\/8"}],"replies":[{"embeddable":true,"href":"https:\/\/rna.ao\/rna.ao\/wp-json\/wp\/v2\/comments?post=9788"}],"version-history":[{"count":1,"href":"https:\/\/rna.ao\/rna.ao\/wp-json\/wp\/v2\/posts\/9788\/revisions"}],"predecessor-version":[{"id":9791,"href":"https:\/\/rna.ao\/rna.ao\/wp-json\/wp\/v2\/posts\/9788\/revisions\/9791"}],"wp:featuredmedia":[{"embeddable":true,"href":"https:\/\/rna.ao\/rna.ao\/wp-json\/wp\/v2\/media\/9790"}],"wp:attachment":[{"href":"https:\/\/rna.ao\/rna.ao\/wp-json\/wp\/v2\/media?parent=9788"}],"wp:term":[{"taxonomy":"category","embeddable":true,"href":"https:\/\/rna.ao\/rna.ao\/wp-json\/wp\/v2\/categories?post=9788"},{"taxonomy":"post_tag","embeddable":true,"href":"https:\/\/rna.ao\/rna.ao\/wp-json\/wp\/v2\/tags?post=9788"}],"curies":[{"name":"wp","href":"https:\/\/api.w.org\/{rel}","templated":true}]}}