{"id":9754,"date":"2020-10-27T07:25:25","date_gmt":"2020-10-27T06:25:25","guid":{"rendered":"https:\/\/rna.ao\/rna.ao\/?p=9754"},"modified":"2020-10-27T08:09:54","modified_gmt":"2020-10-27T07:09:54","slug":"cne-levanta-suspensao-do-presidente-da-cpe-da-lunda-sul","status":"publish","type":"post","link":"https:\/\/rna.ao\/rna.ao\/2020\/10\/27\/cne-levanta-suspensao-do-presidente-da-cpe-da-lunda-sul\/","title":{"rendered":"CNE levanta suspens\u00e3o do presidente da CPE da Lunda-Sul"},"content":{"rendered":"<p><img loading=\"lazy\" class=\"wp-image-9755 alignleft\" src=\"https:\/\/rna.ao\/rna.ao\/wp-content\/uploads\/2020\/10\/Lucas-Quilundo.jpg\" alt=\"\" width=\"280\" height=\"207\" \/><\/p>\n<p>A Comiss\u00e3o Nacional Eleitoral (CNE) decidiu levantar a suspens\u00e3o, que pendia sobre o presidente da Comiss\u00e3o Provincial Eleitoral (CPE) da Lunda-Sul, Justino Africano.<\/p>\n<p>O antigo presidente da Comiss\u00e3o Provincial Eleitoral da Lunda-Sul, tinha sido suspenso por alegada m\u00e1 gest\u00e3o.<\/p>\n<p>A decis\u00e3o do levantamento da suspens\u00e3o, aconteceu segunda-feira, 26 de Outubro, durante a reuni\u00e3o da plen\u00e1ria, conforme informou, \u00e0 imprensa, o porta-voz da CNE, Lucas Quilundo (na foto). Clique no \u00e1udio, em baixo, e ou\u00e7a:<\/p>\n\t<div class=\"qtmplayer-playlist-large\">\n\t\t<ul class=\"qtmplayer-playlist\">\n\t\t\t\n\t\t\t\t\t<li class=\"qtmplayer-trackitem\">\n\t\t<img src=\"https:\/\/rna.ao\/rna.ao\/wp-content\/uploads\/2020\/10\/Lucas-Quilundo-100x100.jpg\" alt=\"cover\">\t\t<span \t\t\tdata-qtmplayer-cover=\"https:\/\/rna.ao\/rna.ao\/wp-content\/uploads\/2020\/10\/Lucas-Quilundo.jpg\"\n\t\t\t\t\t\tdata-qtmplayer-file=\"https:\/\/rna.ao\/rna.ao\/wp-content\/uploads\/2020\/10\/LUCAS-QUILUNDO-1.mp3\"\n\t\t\t\t\t\tdata-qtmplayer-title=\"CNE levanta suspens\u00e3o do presidente da CPE da Lunda-Sul\"\n\t\t\t\t\t\tdata-qtmplayer-artist=\"RNA\"\n\t\t\t\t\t\tdata-qtmplayer-link=\"https:\/\/rna.ao\/rna.ao\/2020\/10\/27\/cne-levanta-suspensao-do-presidente-da-cpe-da-lunda-sul\/\"\n\t\t\t\t\t\tdata-qtmplayer-icon=\"file_download\"\n\t\t\t\t\t\tdata-qtmplayer-type=\"track\"\n\t\t\t class=\"qtmplayer-play qtmplayer-link-sec qtmplayer-play-btn\"><i class='material-icons'>play_arrow<\/i><\/span>\n\t\t<p>\n\t\t\t<span class=\"qtmplayer-tit\">CNE levanta suspens\u00e3o do presidente da CPE da Lunda-Sul<\/span>\n\t\t\t<span class=\"qtmplayer-art\">RNA<\/span>\n\t\t<\/p>\n\t<\/li>\n\t\t<\/ul>\n\t<\/div>\t\t\t\n\t\n<p>Fonte: RNA<\/p>\n","protected":false},"excerpt":{"rendered":"<p>A Comiss\u00e3o Nacional Eleitoral (CNE) decidiu levantar a suspens\u00e3o, que pendia sobre o presidente da Comiss\u00e3o Provincial Eleitoral (CPE) da Lunda-Sul, Justino Africano. O antigo presidente da Comiss\u00e3o Provincial Eleitoral da Lunda-Sul, tinha sido suspenso por alegada m\u00e1 gest\u00e3o. A decis\u00e3o do levantamento da suspens\u00e3o, aconteceu segunda-feira, 26 de Outubro, ...<\/p>\n","protected":false},"author":8,"featured_media":9755,"comment_status":"closed","ping_status":"closed","sticky":false,"template":"","format":"standard","meta":[],"categories":[121,164],"tags":[],"_links":{"self":[{"href":"https:\/\/rna.ao\/rna.ao\/wp-json\/wp\/v2\/posts\/9754"}],"collection":[{"href":"https:\/\/rna.ao\/rna.ao\/wp-json\/wp\/v2\/posts"}],"about":[{"href":"https:\/\/rna.ao\/rna.ao\/wp-json\/wp\/v2\/types\/post"}],"author":[{"embeddable":true,"href":"https:\/\/rna.ao\/rna.ao\/wp-json\/wp\/v2\/users\/8"}],"replies":[{"embeddable":true,"href":"https:\/\/rna.ao\/rna.ao\/wp-json\/wp\/v2\/comments?post=9754"}],"version-history":[{"count":2,"href":"https:\/\/rna.ao\/rna.ao\/wp-json\/wp\/v2\/posts\/9754\/revisions"}],"predecessor-version":[{"id":9758,"href":"https:\/\/rna.ao\/rna.ao\/wp-json\/wp\/v2\/posts\/9754\/revisions\/9758"}],"wp:featuredmedia":[{"embeddable":true,"href":"https:\/\/rna.ao\/rna.ao\/wp-json\/wp\/v2\/media\/9755"}],"wp:attachment":[{"href":"https:\/\/rna.ao\/rna.ao\/wp-json\/wp\/v2\/media?parent=9754"}],"wp:term":[{"taxonomy":"category","embeddable":true,"href":"https:\/\/rna.ao\/rna.ao\/wp-json\/wp\/v2\/categories?post=9754"},{"taxonomy":"post_tag","embeddable":true,"href":"https:\/\/rna.ao\/rna.ao\/wp-json\/wp\/v2\/tags?post=9754"}],"curies":[{"name":"wp","href":"https:\/\/api.w.org\/{rel}","templated":true}]}}