{"id":9750,"date":"2020-10-27T08:03:50","date_gmt":"2020-10-27T07:03:50","guid":{"rendered":"https:\/\/rna.ao\/rna.ao\/?p=9750"},"modified":"2020-10-27T08:03:50","modified_gmt":"2020-10-27T07:03:50","slug":"cne-suspende-mandatos-de-dois-membros","status":"publish","type":"post","link":"https:\/\/rna.ao\/rna.ao\/2020\/10\/27\/cne-suspende-mandatos-de-dois-membros\/","title":{"rendered":"CNE suspende mandatos de dois membros"},"content":{"rendered":"<p><img loading=\"lazy\" class=\"wp-image-9752 alignleft\" src=\"https:\/\/rna.ao\/rna.ao\/wp-content\/uploads\/2020\/10\/CNE-logo.jpg\" alt=\"\" width=\"277\" height=\"198\" \/><\/p>\n<p>Um membro da Comiss\u00e3o Nacional Eleitoral (CNE), indicado pela FNLA perdeu o seu mandato, por incompatibilidade de fun\u00e7\u00f5es.<\/p>\n<p>De igual forma, um outro membro da CNE tamb\u00e9m viu o seu mandato suspenso, mas por ter sido nomeada, recentemente, para exercer o cargo de Administradora do Ambriz.<\/p>\n<p>A informa\u00e7\u00e3o foi prestada segunda-feira, 26 de Outubro, pelo porta-voz da Comiss\u00e3o Nacional Eleitoral, Lucas Quilundo. Clique no \u00e1udio, em baixo, e ou\u00e7a:<\/p>\n\t<div class=\"qtmplayer-playlist-large\">\n\t\t<ul class=\"qtmplayer-playlist\">\n\t\t\t\n\t\t\t\t\t<li class=\"qtmplayer-trackitem\">\n\t\t<img src=\"https:\/\/rna.ao\/rna.ao\/wp-content\/uploads\/2020\/10\/CNE-logo-100x100.jpg\" alt=\"cover\">\t\t<span \t\t\tdata-qtmplayer-cover=\"https:\/\/rna.ao\/rna.ao\/wp-content\/uploads\/2020\/10\/CNE-logo-370x370.jpg\"\n\t\t\t\t\t\tdata-qtmplayer-file=\"https:\/\/rna.ao\/rna.ao\/wp-content\/uploads\/2020\/10\/LUCAS-QUILUNDO-2.mp3\"\n\t\t\t\t\t\tdata-qtmplayer-title=\"CNE suspende mandatos de dois membros\"\n\t\t\t\t\t\tdata-qtmplayer-artist=\"RNA\"\n\t\t\t\t\t\tdata-qtmplayer-link=\"https:\/\/rna.ao\/rna.ao\/2020\/10\/27\/cne-suspende-mandatos-de-dois-membros\/\"\n\t\t\t\t\t\tdata-qtmplayer-icon=\"file_download\"\n\t\t\t\t\t\tdata-qtmplayer-type=\"track\"\n\t\t\t class=\"qtmplayer-play qtmplayer-link-sec qtmplayer-play-btn\"><i class='material-icons'>play_arrow<\/i><\/span>\n\t\t<p>\n\t\t\t<span class=\"qtmplayer-tit\">CNE suspende mandatos de dois membros<\/span>\n\t\t\t<span class=\"qtmplayer-art\">RNA<\/span>\n\t\t<\/p>\n\t<\/li>\n\t\t<\/ul>\n\t<\/div>\t\t\t\n\t\n<p>Fonte: RNA<\/p>\n","protected":false},"excerpt":{"rendered":"<p>Um membro da Comiss\u00e3o Nacional Eleitoral (CNE), indicado pela FNLA perdeu o seu mandato, por incompatibilidade de fun\u00e7\u00f5es. De igual forma, um outro membro da CNE tamb\u00e9m viu o seu mandato suspenso, mas por ter sido nomeada, recentemente, para exercer o cargo de Administradora do Ambriz. A informa\u00e7\u00e3o foi prestada ...<\/p>\n","protected":false},"author":8,"featured_media":9752,"comment_status":"closed","ping_status":"closed","sticky":false,"template":"","format":"standard","meta":[],"categories":[121],"tags":[],"_links":{"self":[{"href":"https:\/\/rna.ao\/rna.ao\/wp-json\/wp\/v2\/posts\/9750"}],"collection":[{"href":"https:\/\/rna.ao\/rna.ao\/wp-json\/wp\/v2\/posts"}],"about":[{"href":"https:\/\/rna.ao\/rna.ao\/wp-json\/wp\/v2\/types\/post"}],"author":[{"embeddable":true,"href":"https:\/\/rna.ao\/rna.ao\/wp-json\/wp\/v2\/users\/8"}],"replies":[{"embeddable":true,"href":"https:\/\/rna.ao\/rna.ao\/wp-json\/wp\/v2\/comments?post=9750"}],"version-history":[{"count":1,"href":"https:\/\/rna.ao\/rna.ao\/wp-json\/wp\/v2\/posts\/9750\/revisions"}],"predecessor-version":[{"id":9753,"href":"https:\/\/rna.ao\/rna.ao\/wp-json\/wp\/v2\/posts\/9750\/revisions\/9753"}],"wp:featuredmedia":[{"embeddable":true,"href":"https:\/\/rna.ao\/rna.ao\/wp-json\/wp\/v2\/media\/9752"}],"wp:attachment":[{"href":"https:\/\/rna.ao\/rna.ao\/wp-json\/wp\/v2\/media?parent=9750"}],"wp:term":[{"taxonomy":"category","embeddable":true,"href":"https:\/\/rna.ao\/rna.ao\/wp-json\/wp\/v2\/categories?post=9750"},{"taxonomy":"post_tag","embeddable":true,"href":"https:\/\/rna.ao\/rna.ao\/wp-json\/wp\/v2\/tags?post=9750"}],"curies":[{"name":"wp","href":"https:\/\/api.w.org\/{rel}","templated":true}]}}