{"id":9742,"date":"2020-10-27T07:55:01","date_gmt":"2020-10-27T06:55:01","guid":{"rendered":"https:\/\/rna.ao\/rna.ao\/?p=9742"},"modified":"2020-10-27T08:09:00","modified_gmt":"2020-10-27T07:09:00","slug":"porta-voz-do-tc-lei-confere-30-dias-para-analise-de-processos","status":"publish","type":"post","link":"https:\/\/rna.ao\/rna.ao\/2020\/10\/27\/porta-voz-do-tc-lei-confere-30-dias-para-analise-de-processos\/","title":{"rendered":"Porta-voz do TC: Lei confere 30 dias para an\u00e1lise de processos"},"content":{"rendered":"<p><img loading=\"lazy\" class=\"wp-image-9745 alignleft\" src=\"https:\/\/rna.ao\/rna.ao\/wp-content\/uploads\/2020\/10\/Goncalo-da-Silva-TC.jpg\" alt=\"\" width=\"367\" height=\"198\" \/><\/p>\n<p>O porta-voz do Tribunal de Contas (TC) diz que a Lei confere um prazo de trinta dias \u00fateis, para an\u00e1lise e verifica\u00e7\u00e3o dos processos a ele submetidos.<\/p>\n<p>A informa\u00e7\u00e3o foi prestada segunda-feira, 26\/10, \u00e0 RNA, por Gon\u00e7alo da Silva (na foto), em reac\u00e7\u00e3o aos argumentos da Admistra\u00e7\u00e3o de Cacuaco, sobre o dossi\u00ea da reabilita\u00e7\u00e3o e constru\u00e7\u00e3o de 53 quil\u00f3metros de estradas naquele Munic\u00edpio.<\/p>\n<p>De acordo com o porta-voz do Tribunal de Contas, Gon\u00e7alo da Silva, o dossi\u00ea que o administrador de Cacuaco se refere, deu entrada apenas no dia 9 de Outubro, estando nesta altura a seguir o seu tramite normal. Clique no \u00e1udio, em baixo, e ou\u00e7a:<\/p>\n\t<div class=\"qtmplayer-playlist-large\">\n\t\t<ul class=\"qtmplayer-playlist\">\n\t\t\t\n\t\t\t\t\t<li class=\"qtmplayer-trackitem\">\n\t\t<img src=\"https:\/\/rna.ao\/rna.ao\/wp-content\/uploads\/2020\/10\/Goncalo-da-Silva-TC-100x100.jpg\" alt=\"cover\">\t\t<span \t\t\tdata-qtmplayer-cover=\"https:\/\/rna.ao\/rna.ao\/wp-content\/uploads\/2020\/10\/Goncalo-da-Silva-TC.jpg\"\n\t\t\t\t\t\tdata-qtmplayer-file=\"https:\/\/rna.ao\/rna.ao\/wp-content\/uploads\/2020\/10\/GONCALO-DA-SILVA.mp3\"\n\t\t\t\t\t\tdata-qtmplayer-title=\"Porta-voz do TC: Lei confere 30 dias para an\u00e1lise de processos\"\n\t\t\t\t\t\tdata-qtmplayer-artist=\"RNA\"\n\t\t\t\t\t\tdata-qtmplayer-link=\"https:\/\/rna.ao\/rna.ao\/2020\/10\/27\/porta-voz-do-tc-lei-confere-30-dias-para-analise-de-processos\/\"\n\t\t\t\t\t\tdata-qtmplayer-icon=\"file_download\"\n\t\t\t\t\t\tdata-qtmplayer-type=\"track\"\n\t\t\t class=\"qtmplayer-play qtmplayer-link-sec qtmplayer-play-btn\"><i class='material-icons'>play_arrow<\/i><\/span>\n\t\t<p>\n\t\t\t<span class=\"qtmplayer-tit\">Porta-voz do TC: Lei confere 30 dias para an\u00e1lise de processos<\/span>\n\t\t\t<span class=\"qtmplayer-art\">RNA<\/span>\n\t\t<\/p>\n\t<\/li>\n\t\t<\/ul>\n\t<\/div>\t\t\t\n\t\n<p>Fonte: RNA<\/p>\n","protected":false},"excerpt":{"rendered":"<p>O porta-voz do Tribunal de Contas (TC) diz que a Lei confere um prazo de trinta dias \u00fateis, para an\u00e1lise e verifica\u00e7\u00e3o dos processos a ele submetidos. A informa\u00e7\u00e3o foi prestada segunda-feira, 26\/10, \u00e0 RNA, por Gon\u00e7alo da Silva (na foto), em reac\u00e7\u00e3o aos argumentos da Admistra\u00e7\u00e3o de Cacuaco, sobre ...<\/p>\n","protected":false},"author":8,"featured_media":9745,"comment_status":"closed","ping_status":"closed","sticky":false,"template":"","format":"standard","meta":[],"categories":[141,133,164],"tags":[],"_links":{"self":[{"href":"https:\/\/rna.ao\/rna.ao\/wp-json\/wp\/v2\/posts\/9742"}],"collection":[{"href":"https:\/\/rna.ao\/rna.ao\/wp-json\/wp\/v2\/posts"}],"about":[{"href":"https:\/\/rna.ao\/rna.ao\/wp-json\/wp\/v2\/types\/post"}],"author":[{"embeddable":true,"href":"https:\/\/rna.ao\/rna.ao\/wp-json\/wp\/v2\/users\/8"}],"replies":[{"embeddable":true,"href":"https:\/\/rna.ao\/rna.ao\/wp-json\/wp\/v2\/comments?post=9742"}],"version-history":[{"count":1,"href":"https:\/\/rna.ao\/rna.ao\/wp-json\/wp\/v2\/posts\/9742\/revisions"}],"predecessor-version":[{"id":9746,"href":"https:\/\/rna.ao\/rna.ao\/wp-json\/wp\/v2\/posts\/9742\/revisions\/9746"}],"wp:featuredmedia":[{"embeddable":true,"href":"https:\/\/rna.ao\/rna.ao\/wp-json\/wp\/v2\/media\/9745"}],"wp:attachment":[{"href":"https:\/\/rna.ao\/rna.ao\/wp-json\/wp\/v2\/media?parent=9742"}],"wp:term":[{"taxonomy":"category","embeddable":true,"href":"https:\/\/rna.ao\/rna.ao\/wp-json\/wp\/v2\/categories?post=9742"},{"taxonomy":"post_tag","embeddable":true,"href":"https:\/\/rna.ao\/rna.ao\/wp-json\/wp\/v2\/tags?post=9742"}],"curies":[{"name":"wp","href":"https:\/\/api.w.org\/{rel}","templated":true}]}}