{"id":9736,"date":"2020-10-27T07:42:59","date_gmt":"2020-10-27T06:42:59","guid":{"rendered":"https:\/\/rna.ao\/rna.ao\/?p=9736"},"modified":"2020-10-27T07:44:51","modified_gmt":"2020-10-27T06:44:51","slug":"tc-condiciona-construcao-de-56-quilometros-de-estrada-em-cacuaco","status":"publish","type":"post","link":"https:\/\/rna.ao\/rna.ao\/2020\/10\/27\/tc-condiciona-construcao-de-56-quilometros-de-estrada-em-cacuaco\/","title":{"rendered":"Constru\u00e7\u00e3o de 56 quil\u00f3metros de estrada em Cacuaco condicionada pelo TC"},"content":{"rendered":"<p><img loading=\"lazy\" class=\"wp-image-9027 alignleft\" src=\"https:\/\/rna.ao\/rna.ao\/wp-content\/uploads\/2020\/10\/auxilio-jacob.jpg\" alt=\"\" width=\"393\" height=\"236\" \/><\/p>\n<p>Continua condicionada a reabilita\u00e7\u00e3o e constru\u00e7\u00e3o de cinquenta e seis quil\u00f3metros de estradas, no Munic\u00edpio de Cacuaco.<\/p>\n<p>Apesar do cumprimento da contrata\u00e7\u00e3o p\u00fablica, o Tribunal de Contas (TC) ainda n\u00e3o validou o processo.<\/p>\n<p>O Administrador de Cacuaco, Aux\u00edlio Jacob (na foto), afirma que os projectos foram aprovados no \u00e2mbito do PIIM. Clique no \u00e1udio, em baixo, e ou\u00e7a mais detalhes na reportagem:<\/p>\n\t<div class=\"qtmplayer-playlist-large\">\n\t\t<ul class=\"qtmplayer-playlist\">\n\t\t\t\n\t\t\t\t\t<li class=\"qtmplayer-trackitem\">\n\t\t<img src=\"https:\/\/rna.ao\/rna.ao\/wp-content\/uploads\/2020\/10\/auxilio-jacob-100x100.jpg\" alt=\"cover\">\t\t<span \t\t\tdata-qtmplayer-cover=\"https:\/\/rna.ao\/rna.ao\/wp-content\/uploads\/2020\/10\/auxilio-jacob-370x370.jpg\"\n\t\t\t\t\t\tdata-qtmplayer-file=\"https:\/\/rna.ao\/rna.ao\/wp-content\/uploads\/2020\/10\/AGAPITO-DO-CARMO.mp3\"\n\t\t\t\t\t\tdata-qtmplayer-title=\"Constru\u00e7\u00e3o de 56 quil\u00f3metros de estrada em Cacuaco condicionada pelo TC\"\n\t\t\t\t\t\tdata-qtmplayer-artist=\"RNA\"\n\t\t\t\t\t\tdata-qtmplayer-link=\"https:\/\/rna.ao\/rna.ao\/2020\/10\/27\/tc-condiciona-construcao-de-56-quilometros-de-estrada-em-cacuaco\/\"\n\t\t\t\t\t\tdata-qtmplayer-icon=\"file_download\"\n\t\t\t\t\t\tdata-qtmplayer-type=\"track\"\n\t\t\t class=\"qtmplayer-play qtmplayer-link-sec qtmplayer-play-btn\"><i class='material-icons'>play_arrow<\/i><\/span>\n\t\t<p>\n\t\t\t<span class=\"qtmplayer-tit\">Constru\u00e7\u00e3o de 56 quil\u00f3metros de estrada em Cacuaco condicionada pelo TC<\/span>\n\t\t\t<span class=\"qtmplayer-art\">RNA<\/span>\n\t\t<\/p>\n\t<\/li>\n\t\t<\/ul>\n\t<\/div>\t\t\t\n\t\n<p>Fonte: RNA \u2013 Jornalista Agapito do Carmo<\/p>\n","protected":false},"excerpt":{"rendered":"<p>Continua condicionada a reabilita\u00e7\u00e3o e constru\u00e7\u00e3o de cinquenta e seis quil\u00f3metros de estradas, no Munic\u00edpio de Cacuaco. Apesar do cumprimento da contrata\u00e7\u00e3o p\u00fablica, o Tribunal de Contas (TC) ainda n\u00e3o validou o processo. O Administrador de Cacuaco, Aux\u00edlio Jacob (na foto), afirma que os projectos foram aprovados no \u00e2mbito do ...<\/p>\n","protected":false},"author":8,"featured_media":9027,"comment_status":"closed","ping_status":"closed","sticky":false,"template":"","format":"standard","meta":[],"categories":[141,133],"tags":[],"_links":{"self":[{"href":"https:\/\/rna.ao\/rna.ao\/wp-json\/wp\/v2\/posts\/9736"}],"collection":[{"href":"https:\/\/rna.ao\/rna.ao\/wp-json\/wp\/v2\/posts"}],"about":[{"href":"https:\/\/rna.ao\/rna.ao\/wp-json\/wp\/v2\/types\/post"}],"author":[{"embeddable":true,"href":"https:\/\/rna.ao\/rna.ao\/wp-json\/wp\/v2\/users\/8"}],"replies":[{"embeddable":true,"href":"https:\/\/rna.ao\/rna.ao\/wp-json\/wp\/v2\/comments?post=9736"}],"version-history":[{"count":3,"href":"https:\/\/rna.ao\/rna.ao\/wp-json\/wp\/v2\/posts\/9736\/revisions"}],"predecessor-version":[{"id":9741,"href":"https:\/\/rna.ao\/rna.ao\/wp-json\/wp\/v2\/posts\/9736\/revisions\/9741"}],"wp:featuredmedia":[{"embeddable":true,"href":"https:\/\/rna.ao\/rna.ao\/wp-json\/wp\/v2\/media\/9027"}],"wp:attachment":[{"href":"https:\/\/rna.ao\/rna.ao\/wp-json\/wp\/v2\/media?parent=9736"}],"wp:term":[{"taxonomy":"category","embeddable":true,"href":"https:\/\/rna.ao\/rna.ao\/wp-json\/wp\/v2\/categories?post=9736"},{"taxonomy":"post_tag","embeddable":true,"href":"https:\/\/rna.ao\/rna.ao\/wp-json\/wp\/v2\/tags?post=9736"}],"curies":[{"name":"wp","href":"https:\/\/api.w.org\/{rel}","templated":true}]}}