{"id":9733,"date":"2020-10-27T08:17:28","date_gmt":"2020-10-27T07:17:28","guid":{"rendered":"https:\/\/rna.ao\/rna.ao\/?p=9733"},"modified":"2020-10-27T08:17:28","modified_gmt":"2020-10-27T07:17:28","slug":"pandemia-afecta-implementacao-de-projectos-no-soyo","status":"publish","type":"post","link":"https:\/\/rna.ao\/rna.ao\/2020\/10\/27\/pandemia-afecta-implementacao-de-projectos-no-soyo\/","title":{"rendered":"Pandemia afecta implementa\u00e7\u00e3o de projectos no Soyo"},"content":{"rendered":"<p><img loading=\"lazy\" class=\"wp-image-9759 alignleft\" src=\"https:\/\/rna.ao\/rna.ao\/wp-content\/uploads\/2020\/10\/Estrada-Soyo.jpg\" alt=\"\" width=\"227\" height=\"151\" \/><\/p>\n<p>O actual cen\u00e1rio pand\u00e9mico, que afecta a economia global, est\u00e1 afectar a implementa\u00e7\u00e3o de novos projectos, no P\u00f3lo Industrial e de Desenvolvimento do Soyo.<\/p>\n<p>Das v\u00e1rias inten\u00e7\u00f5es de investimento, j\u00e1 apresentadas, apenas tr\u00eas projectos foram instalados nesta altura, facto que preocupa a direc\u00e7\u00e3o do P\u00f3lo. Clique no \u00e1udio, em baixo, e saiba mais na reportagem:<\/p>\n\t<div class=\"qtmplayer-playlist-large\">\n\t\t<ul class=\"qtmplayer-playlist\">\n\t\t\t\n\t\t\t\t\t<li class=\"qtmplayer-trackitem\">\n\t\t<img src=\"https:\/\/rna.ao\/rna.ao\/wp-content\/uploads\/2020\/10\/Estrada-Soyo-100x100.jpg\" alt=\"cover\">\t\t<span \t\t\tdata-qtmplayer-cover=\"https:\/\/rna.ao\/rna.ao\/wp-content\/uploads\/2020\/10\/Estrada-Soyo-370x370.jpg\"\n\t\t\t\t\t\tdata-qtmplayer-file=\"https:\/\/rna.ao\/rna.ao\/wp-content\/uploads\/2020\/10\/SAO-ARRIAGA.mp3\"\n\t\t\t\t\t\tdata-qtmplayer-title=\"Pandemia afecta implementa\u00e7\u00e3o de projectos no Soyo\"\n\t\t\t\t\t\tdata-qtmplayer-artist=\"RNA\"\n\t\t\t\t\t\tdata-qtmplayer-link=\"https:\/\/rna.ao\/rna.ao\/2020\/10\/27\/pandemia-afecta-implementacao-de-projectos-no-soyo\/\"\n\t\t\t\t\t\tdata-qtmplayer-icon=\"file_download\"\n\t\t\t\t\t\tdata-qtmplayer-type=\"track\"\n\t\t\t class=\"qtmplayer-play qtmplayer-link-sec qtmplayer-play-btn\"><i class='material-icons'>play_arrow<\/i><\/span>\n\t\t<p>\n\t\t\t<span class=\"qtmplayer-tit\">Pandemia afecta implementa\u00e7\u00e3o de projectos no Soyo<\/span>\n\t\t\t<span class=\"qtmplayer-art\">RNA<\/span>\n\t\t<\/p>\n\t<\/li>\n\t\t<\/ul>\n\t<\/div>\t\t\t\n\t\n<p>Fonte: RNA \u2013 Jornalista S\u00e3o Arriaga<\/p>\n","protected":false},"excerpt":{"rendered":"<p>O actual cen\u00e1rio pand\u00e9mico, que afecta a economia global, est\u00e1 afectar a implementa\u00e7\u00e3o de novos projectos, no P\u00f3lo Industrial e de Desenvolvimento do Soyo. Das v\u00e1rias inten\u00e7\u00f5es de investimento, j\u00e1 apresentadas, apenas tr\u00eas projectos foram instalados nesta altura, facto que preocupa a direc\u00e7\u00e3o do P\u00f3lo. Clique no \u00e1udio, em baixo, ...<\/p>\n","protected":false},"author":8,"featured_media":9759,"comment_status":"closed","ping_status":"closed","sticky":false,"template":"","format":"standard","meta":[],"categories":[121,1],"tags":[],"_links":{"self":[{"href":"https:\/\/rna.ao\/rna.ao\/wp-json\/wp\/v2\/posts\/9733"}],"collection":[{"href":"https:\/\/rna.ao\/rna.ao\/wp-json\/wp\/v2\/posts"}],"about":[{"href":"https:\/\/rna.ao\/rna.ao\/wp-json\/wp\/v2\/types\/post"}],"author":[{"embeddable":true,"href":"https:\/\/rna.ao\/rna.ao\/wp-json\/wp\/v2\/users\/8"}],"replies":[{"embeddable":true,"href":"https:\/\/rna.ao\/rna.ao\/wp-json\/wp\/v2\/comments?post=9733"}],"version-history":[{"count":1,"href":"https:\/\/rna.ao\/rna.ao\/wp-json\/wp\/v2\/posts\/9733\/revisions"}],"predecessor-version":[{"id":9760,"href":"https:\/\/rna.ao\/rna.ao\/wp-json\/wp\/v2\/posts\/9733\/revisions\/9760"}],"wp:featuredmedia":[{"embeddable":true,"href":"https:\/\/rna.ao\/rna.ao\/wp-json\/wp\/v2\/media\/9759"}],"wp:attachment":[{"href":"https:\/\/rna.ao\/rna.ao\/wp-json\/wp\/v2\/media?parent=9733"}],"wp:term":[{"taxonomy":"category","embeddable":true,"href":"https:\/\/rna.ao\/rna.ao\/wp-json\/wp\/v2\/categories?post=9733"},{"taxonomy":"post_tag","embeddable":true,"href":"https:\/\/rna.ao\/rna.ao\/wp-json\/wp\/v2\/tags?post=9733"}],"curies":[{"name":"wp","href":"https:\/\/api.w.org\/{rel}","templated":true}]}}