{"id":9729,"date":"2020-10-27T07:29:56","date_gmt":"2020-10-27T06:29:56","guid":{"rendered":"https:\/\/rna.ao\/rna.ao\/?p=9729"},"modified":"2020-10-27T13:23:48","modified_gmt":"2020-10-27T12:23:48","slug":"lunda-norte-laboratorio-da-covid-19-concluido-em-15-dias","status":"publish","type":"post","link":"https:\/\/rna.ao\/rna.ao\/2020\/10\/27\/lunda-norte-laboratorio-da-covid-19-concluido-em-15-dias\/","title":{"rendered":"Lunda-Norte: laborat\u00f3rio da Covid-19 conclu\u00eddo em 15 dias"},"content":{"rendered":"<p><img loading=\"lazy\" class=\" wp-image-9731 alignleft\" src=\"https:\/\/rna.ao\/rna.ao\/wp-content\/uploads\/2020\/10\/Ernesto-Mwangala.jpg\" alt=\"\" width=\"310\" height=\"206\" \/><\/p>\n<p>A montagem do laborat\u00f3rio de an\u00e1lises, para a Covid-19, da Lunda-Norte, fica conclu\u00eddo no m\u00eas de Novembro deste ano.<\/p>\n<p>O Governador da Lunda-Norte, Ernesto Mwangala, foi segunda-feira, 26 de Outubro, ver de perto o grau de montagem do laborat\u00f3rio daquela Prov\u00edncia, cujas obras iniciaram no dia 4 de Outubro. Clique no \u00e1udio, em baixo, e ou\u00e7a com mais pormenor na reportagem:<\/p>\n\t<div class=\"qtmplayer-playlist-large\">\n\t\t<ul class=\"qtmplayer-playlist\">\n\t\t\t\n\t\t\t\t\t<li class=\"qtmplayer-trackitem\">\n\t\t<img src=\"https:\/\/rna.ao\/rna.ao\/wp-content\/uploads\/2020\/10\/Ernesto-Mwangala-100x100.jpg\" alt=\"cover\">\t\t<span \t\t\tdata-qtmplayer-cover=\"https:\/\/rna.ao\/rna.ao\/wp-content\/uploads\/2020\/10\/Ernesto-Mwangala.jpg\"\n\t\t\t\t\t\tdata-qtmplayer-file=\"https:\/\/rna.ao\/rna.ao\/wp-content\/uploads\/2020\/10\/FILOMENA-MUNUNGA.mp3\"\n\t\t\t\t\t\tdata-qtmplayer-title=\"Lunda-Norte: laborat\u00f3rio da Covid-19 conclu\u00eddo em 15 dias\"\n\t\t\t\t\t\tdata-qtmplayer-artist=\"RNA\"\n\t\t\t\t\t\tdata-qtmplayer-link=\"https:\/\/rna.ao\/rna.ao\/2020\/10\/27\/lunda-norte-laboratorio-da-covid-19-concluido-em-15-dias\/\"\n\t\t\t\t\t\tdata-qtmplayer-icon=\"file_download\"\n\t\t\t\t\t\tdata-qtmplayer-type=\"track\"\n\t\t\t class=\"qtmplayer-play qtmplayer-link-sec qtmplayer-play-btn\"><i class='material-icons'>play_arrow<\/i><\/span>\n\t\t<p>\n\t\t\t<span class=\"qtmplayer-tit\">Lunda-Norte: laborat\u00f3rio da Covid-19 conclu\u00eddo em 15 dias<\/span>\n\t\t\t<span class=\"qtmplayer-art\">RNA<\/span>\n\t\t<\/p>\n\t<\/li>\n\t\t<\/ul>\n\t<\/div>\t\t\t\n\t\n<p>Fonte: RNA \u2013 Jornalista Filomena Mununga<\/p>\n","protected":false},"excerpt":{"rendered":"<p>A montagem do laborat\u00f3rio de an\u00e1lises, para a Covid-19, da Lunda-Norte, fica conclu\u00eddo no m\u00eas de Novembro deste ano. O Governador da Lunda-Norte, Ernesto Mwangala, foi segunda-feira, 26 de Outubro, ver de perto o grau de montagem do laborat\u00f3rio daquela Prov\u00edncia, cujas obras iniciaram no dia 4 de Outubro. Clique ...<\/p>\n","protected":false},"author":8,"featured_media":9731,"comment_status":"closed","ping_status":"closed","sticky":false,"template":"","format":"standard","meta":[],"categories":[142,121,164],"tags":[],"_links":{"self":[{"href":"https:\/\/rna.ao\/rna.ao\/wp-json\/wp\/v2\/posts\/9729"}],"collection":[{"href":"https:\/\/rna.ao\/rna.ao\/wp-json\/wp\/v2\/posts"}],"about":[{"href":"https:\/\/rna.ao\/rna.ao\/wp-json\/wp\/v2\/types\/post"}],"author":[{"embeddable":true,"href":"https:\/\/rna.ao\/rna.ao\/wp-json\/wp\/v2\/users\/8"}],"replies":[{"embeddable":true,"href":"https:\/\/rna.ao\/rna.ao\/wp-json\/wp\/v2\/comments?post=9729"}],"version-history":[{"count":1,"href":"https:\/\/rna.ao\/rna.ao\/wp-json\/wp\/v2\/posts\/9729\/revisions"}],"predecessor-version":[{"id":9732,"href":"https:\/\/rna.ao\/rna.ao\/wp-json\/wp\/v2\/posts\/9729\/revisions\/9732"}],"wp:featuredmedia":[{"embeddable":true,"href":"https:\/\/rna.ao\/rna.ao\/wp-json\/wp\/v2\/media\/9731"}],"wp:attachment":[{"href":"https:\/\/rna.ao\/rna.ao\/wp-json\/wp\/v2\/media?parent=9729"}],"wp:term":[{"taxonomy":"category","embeddable":true,"href":"https:\/\/rna.ao\/rna.ao\/wp-json\/wp\/v2\/categories?post=9729"},{"taxonomy":"post_tag","embeddable":true,"href":"https:\/\/rna.ao\/rna.ao\/wp-json\/wp\/v2\/tags?post=9729"}],"curies":[{"name":"wp","href":"https:\/\/api.w.org\/{rel}","templated":true}]}}