{"id":9726,"date":"2020-10-27T07:25:58","date_gmt":"2020-10-27T06:25:58","guid":{"rendered":"https:\/\/rna.ao\/rna.ao\/?p=9726"},"modified":"2020-10-27T13:19:28","modified_gmt":"2020-10-27T12:19:28","slug":"parlamento-aprecia-hoje-suspensao-de-mandato-de-manuel-rabelais","status":"publish","type":"post","link":"https:\/\/rna.ao\/rna.ao\/2020\/10\/27\/parlamento-aprecia-hoje-suspensao-de-mandato-de-manuel-rabelais\/","title":{"rendered":"Parlamento aprecia hoje suspens\u00e3o de mandato de Manuel Rabelais"},"content":{"rendered":"<p><img loading=\"lazy\" class=\"wp-image-9267 alignleft\" src=\"https:\/\/rna.ao\/rna.ao\/wp-content\/uploads\/2020\/10\/Manuel-Rabelais.jpg\" alt=\"\" width=\"376\" height=\"211\" \/>A Assembleia Nacional realiza esta ter\u00e7a-feira, 27 de Outubro, a sua primeira reuni\u00e3o plen\u00e1ria extraordin\u00e1ria, do ano parlamentar 2020-2021, noticiou a RNA.<\/p>\n<p>O primeiro secret\u00e1rio de mesa da Assembleia Nacional, Raul Augusto Lima, disse, \u00e0 imprensa, que a sess\u00e3o ter\u00e1 na sua agenda de trabalhos dois pontos, nomeadamente, a reaprecia\u00e7\u00e3o do C\u00f3digo Penal Angolano solicitado pelo Presidente da Rep\u00fablica, e a resolu\u00e7\u00e3o que aprova a suspens\u00e3o de mandato do deputado Manuel Rabelais. Clique no \u00e1udio, em baixo, e ou\u00e7a a reportagem:<\/p>\n\t<div class=\"qtmplayer-playlist-large\">\n\t\t<ul class=\"qtmplayer-playlist\">\n\t\t\t\n\t\t\t\t\t<li class=\"qtmplayer-trackitem\">\n\t\t<img src=\"https:\/\/rna.ao\/rna.ao\/wp-content\/uploads\/2020\/10\/Manuel-Rabelais-100x100.jpg\" alt=\"cover\">\t\t<span \t\t\tdata-qtmplayer-cover=\"https:\/\/rna.ao\/rna.ao\/wp-content\/uploads\/2020\/10\/Manuel-Rabelais-370x370.jpg\"\n\t\t\t\t\t\tdata-qtmplayer-file=\"https:\/\/rna.ao\/rna.ao\/wp-content\/uploads\/2020\/10\/ANTONIO-CHOCOLATE-07HRS.mp3\"\n\t\t\t\t\t\tdata-qtmplayer-title=\"Parlamento aprecia hoje suspens\u00e3o de mandato de Manuel Rabelais\"\n\t\t\t\t\t\tdata-qtmplayer-artist=\"RNA\"\n\t\t\t\t\t\tdata-qtmplayer-link=\"https:\/\/rna.ao\/rna.ao\/2020\/10\/27\/parlamento-aprecia-hoje-suspensao-de-mandato-de-manuel-rabelais\/\"\n\t\t\t\t\t\tdata-qtmplayer-icon=\"file_download\"\n\t\t\t\t\t\tdata-qtmplayer-type=\"track\"\n\t\t\t class=\"qtmplayer-play qtmplayer-link-sec qtmplayer-play-btn\"><i class='material-icons'>play_arrow<\/i><\/span>\n\t\t<p>\n\t\t\t<span class=\"qtmplayer-tit\">Parlamento aprecia hoje suspens\u00e3o de mandato de Manuel Rabelais<\/span>\n\t\t\t<span class=\"qtmplayer-art\">RNA<\/span>\n\t\t<\/p>\n\t<\/li>\n\t\t<\/ul>\n\t<\/div>\t\t\t\n\t\n<p>Fonte: RNA &#8211; Jornalista Ant\u00f3nio Chocolate<\/p>\n","protected":false},"excerpt":{"rendered":"<p>A Assembleia Nacional realiza esta ter\u00e7a-feira, 27 de Outubro, a sua primeira reuni\u00e3o plen\u00e1ria extraordin\u00e1ria, do ano parlamentar 2020-2021, noticiou a RNA. O primeiro secret\u00e1rio de mesa da Assembleia Nacional, Raul Augusto Lima, disse, \u00e0 imprensa, que a sess\u00e3o ter\u00e1 na sua agenda de trabalhos dois pontos, nomeadamente, a reaprecia\u00e7\u00e3o ...<\/p>\n","protected":false},"author":8,"featured_media":9267,"comment_status":"closed","ping_status":"closed","sticky":false,"template":"","format":"standard","meta":[],"categories":[121],"tags":[],"_links":{"self":[{"href":"https:\/\/rna.ao\/rna.ao\/wp-json\/wp\/v2\/posts\/9726"}],"collection":[{"href":"https:\/\/rna.ao\/rna.ao\/wp-json\/wp\/v2\/posts"}],"about":[{"href":"https:\/\/rna.ao\/rna.ao\/wp-json\/wp\/v2\/types\/post"}],"author":[{"embeddable":true,"href":"https:\/\/rna.ao\/rna.ao\/wp-json\/wp\/v2\/users\/8"}],"replies":[{"embeddable":true,"href":"https:\/\/rna.ao\/rna.ao\/wp-json\/wp\/v2\/comments?post=9726"}],"version-history":[{"count":1,"href":"https:\/\/rna.ao\/rna.ao\/wp-json\/wp\/v2\/posts\/9726\/revisions"}],"predecessor-version":[{"id":9728,"href":"https:\/\/rna.ao\/rna.ao\/wp-json\/wp\/v2\/posts\/9726\/revisions\/9728"}],"wp:featuredmedia":[{"embeddable":true,"href":"https:\/\/rna.ao\/rna.ao\/wp-json\/wp\/v2\/media\/9267"}],"wp:attachment":[{"href":"https:\/\/rna.ao\/rna.ao\/wp-json\/wp\/v2\/media?parent=9726"}],"wp:term":[{"taxonomy":"category","embeddable":true,"href":"https:\/\/rna.ao\/rna.ao\/wp-json\/wp\/v2\/categories?post=9726"},{"taxonomy":"post_tag","embeddable":true,"href":"https:\/\/rna.ao\/rna.ao\/wp-json\/wp\/v2\/tags?post=9726"}],"curies":[{"name":"wp","href":"https:\/\/api.w.org\/{rel}","templated":true}]}}