{"id":9723,"date":"2020-10-27T07:11:34","date_gmt":"2020-10-27T06:11:34","guid":{"rendered":"https:\/\/rna.ao\/rna.ao\/?p=9723"},"modified":"2020-10-27T08:06:53","modified_gmt":"2020-10-27T07:06:53","slug":"policia-nacional-trava-contrabando-de-combustivel-na-fronteira-com-a-namibia","status":"publish","type":"post","link":"https:\/\/rna.ao\/rna.ao\/2020\/10\/27\/policia-nacional-trava-contrabando-de-combustivel-na-fronteira-com-a-namibia\/","title":{"rendered":"Pol\u00edcia Nacional trava contrabando de combust\u00edvel na fronteira com a Nam\u00edbia"},"content":{"rendered":"<p><img loading=\"lazy\" class=\"wp-image-9245 alignleft\" src=\"https:\/\/rna.ao\/rna.ao\/wp-content\/uploads\/2020\/10\/contrabando-de-combustivel.jpg\" alt=\"\" width=\"255\" height=\"154\" \/><\/p>\n<p>A Pol\u00edcia Nacional no Cunene travou uma tentativa de contrabando de combust\u00edvel, naquela Prov\u00edncia, numa opera\u00e7\u00e3o realizada ao longo da orla fronteiri\u00e7a com a vizinha Rep\u00fablica da Nam\u00edbia, para desencorajar estas pr\u00e1ticas. Clique no \u00e1udio, em baixo, e saiba mais na reportagem:<\/p>\n\t<div class=\"qtmplayer-playlist-large\">\n\t\t<ul class=\"qtmplayer-playlist\">\n\t\t\t\n\t\t\t\t\t<li class=\"qtmplayer-trackitem\">\n\t\t<img src=\"https:\/\/rna.ao\/rna.ao\/wp-content\/uploads\/2020\/10\/contrabando-de-combustivel-100x100.jpg\" alt=\"cover\">\t\t<span \t\t\tdata-qtmplayer-cover=\"https:\/\/rna.ao\/rna.ao\/wp-content\/uploads\/2020\/10\/contrabando-de-combustivel.jpg\"\n\t\t\t\t\t\tdata-qtmplayer-file=\"https:\/\/rna.ao\/rna.ao\/wp-content\/uploads\/2020\/10\/CUNENE-CONTRABANDO-07-HRS.mp3\"\n\t\t\t\t\t\tdata-qtmplayer-title=\"Pol\u00edcia Nacional trava contrabando de combust\u00edvel na fronteira com a Nam\u00edbia\"\n\t\t\t\t\t\tdata-qtmplayer-artist=\"RNA\"\n\t\t\t\t\t\tdata-qtmplayer-link=\"https:\/\/rna.ao\/rna.ao\/2020\/10\/27\/policia-nacional-trava-contrabando-de-combustivel-na-fronteira-com-a-namibia\/\"\n\t\t\t\t\t\tdata-qtmplayer-icon=\"file_download\"\n\t\t\t\t\t\tdata-qtmplayer-type=\"track\"\n\t\t\t class=\"qtmplayer-play qtmplayer-link-sec qtmplayer-play-btn\"><i class='material-icons'>play_arrow<\/i><\/span>\n\t\t<p>\n\t\t\t<span class=\"qtmplayer-tit\">Pol\u00edcia Nacional trava contrabando de combust\u00edvel na fronteira com a Nam\u00edbia<\/span>\n\t\t\t<span class=\"qtmplayer-art\">RNA<\/span>\n\t\t<\/p>\n\t<\/li>\n\t\t<\/ul>\n\t<\/div>\t\t\t\n\t\n<p>Fonte: RNA &#8211; Jornalista Cremilda de Freitas<\/p>\n","protected":false},"excerpt":{"rendered":"<p>A Pol\u00edcia Nacional no Cunene travou uma tentativa de contrabando de combust\u00edvel, naquela Prov\u00edncia, numa opera\u00e7\u00e3o realizada ao longo da orla fronteiri\u00e7a com a vizinha Rep\u00fablica da Nam\u00edbia, para desencorajar estas pr\u00e1ticas. Clique no \u00e1udio, em baixo, e saiba mais na reportagem: Fonte: RNA &#8211; Jornalista Cremilda de Freitas<\/p>\n","protected":false},"author":8,"featured_media":9245,"comment_status":"closed","ping_status":"closed","sticky":false,"template":"","format":"standard","meta":[],"categories":[142,163],"tags":[],"_links":{"self":[{"href":"https:\/\/rna.ao\/rna.ao\/wp-json\/wp\/v2\/posts\/9723"}],"collection":[{"href":"https:\/\/rna.ao\/rna.ao\/wp-json\/wp\/v2\/posts"}],"about":[{"href":"https:\/\/rna.ao\/rna.ao\/wp-json\/wp\/v2\/types\/post"}],"author":[{"embeddable":true,"href":"https:\/\/rna.ao\/rna.ao\/wp-json\/wp\/v2\/users\/8"}],"replies":[{"embeddable":true,"href":"https:\/\/rna.ao\/rna.ao\/wp-json\/wp\/v2\/comments?post=9723"}],"version-history":[{"count":1,"href":"https:\/\/rna.ao\/rna.ao\/wp-json\/wp\/v2\/posts\/9723\/revisions"}],"predecessor-version":[{"id":9725,"href":"https:\/\/rna.ao\/rna.ao\/wp-json\/wp\/v2\/posts\/9723\/revisions\/9725"}],"wp:featuredmedia":[{"embeddable":true,"href":"https:\/\/rna.ao\/rna.ao\/wp-json\/wp\/v2\/media\/9245"}],"wp:attachment":[{"href":"https:\/\/rna.ao\/rna.ao\/wp-json\/wp\/v2\/media?parent=9723"}],"wp:term":[{"taxonomy":"category","embeddable":true,"href":"https:\/\/rna.ao\/rna.ao\/wp-json\/wp\/v2\/categories?post=9723"},{"taxonomy":"post_tag","embeddable":true,"href":"https:\/\/rna.ao\/rna.ao\/wp-json\/wp\/v2\/tags?post=9723"}],"curies":[{"name":"wp","href":"https:\/\/api.w.org\/{rel}","templated":true}]}}