{"id":97199,"date":"2023-03-23T10:52:07","date_gmt":"2023-03-23T09:52:07","guid":{"rendered":"https:\/\/rna.ao\/rna.ao\/?p=97199"},"modified":"2023-03-23T10:52:07","modified_gmt":"2023-03-23T09:52:07","slug":"huambo-mais-de-setecentas-habitacoes-estao-disponiveis-na-centralidade-da-halavala","status":"publish","type":"post","link":"https:\/\/rna.ao\/rna.ao\/2023\/03\/23\/huambo-mais-de-setecentas-habitacoes-estao-disponiveis-na-centralidade-da-halavala\/","title":{"rendered":"Huambo: Mais de setecentas habita\u00e7\u00f5es est\u00e3o dispon\u00edveis na centralidade da Halavala"},"content":{"rendered":"<p><img loading=\"lazy\" class=\"wp-image-70265 alignleft\" src=\"https:\/\/rna.ao\/rna.ao\/wp-content\/uploads\/2022\/07\/Centralidade-do-Ecuma.jpg\" alt=\"\" width=\"418\" height=\"212\" \/>Est\u00e3o dispon\u00edveis na primeira fase setecentas e cinquenta e uma habita\u00e7\u00f5es na centralidade da Halavala, no Huambo. As inscri\u00e7\u00f5es arrancam na segunda-feira da pr\u00f3xima semana. Seiscentas e uma casas v\u00e3o ser destinadas aos jovens. Clique, no \u00e1udio abaixo, e ou\u00e7a o desenvolvimento desta mat\u00e9ria na reportagem da Ivone de Lourdes:<\/p>\n\t<div class=\"qtmplayer-playlist-large\">\n\t\t<ul class=\"qtmplayer-playlist\">\n\t\t\t\n\t\t\t\t\t<li class=\"qtmplayer-trackitem\">\n\t\t<img src=\"https:\/\/rna.ao\/rna.ao\/wp-content\/uploads\/2022\/07\/Centralidade-do-Ekuma-100x100.jpg\" alt=\"cover\">\t\t<span \t\t\tdata-qtmplayer-cover=\"https:\/\/rna.ao\/rna.ao\/wp-content\/uploads\/2022\/07\/Centralidade-do-Ekuma.jpg\"\n\t\t\t\t\t\tdata-qtmplayer-file=\"https:\/\/rna.ao\/rna.ao\/wp-content\/uploads\/2023\/03\/HUAMBO-CENTRALIDADE-22HRS.mp3\"\n\t\t\t\t\t\tdata-qtmplayer-title=\"Huambo: Mais de setecentas habita\u00e7\u00f5es est\u00e3o dispon\u00edveis na centralidade da Halavala\"\n\t\t\t\t\t\tdata-qtmplayer-artist=\"RNA\"\n\t\t\t\t\t\tdata-qtmplayer-link=\"https:\/\/rna.ao\/rna.ao\/2023\/03\/23\/huambo-mais-de-setecentas-habitacoes-estao-disponiveis-na-centralidade-da-halavala\/\"\n\t\t\t\t\t\tdata-qtmplayer-icon=\"file_download\"\n\t\t\t\t\t\tdata-qtmplayer-type=\"track\"\n\t\t\t class=\"qtmplayer-play qtmplayer-link-sec qtmplayer-play-btn\"><i class='material-icons'>play_arrow<\/i><\/span>\n\t\t<p>\n\t\t\t<span class=\"qtmplayer-tit\">Huambo: Mais de setecentas habita\u00e7\u00f5es est\u00e3o dispon\u00edveis na centralidade da Halavala<\/span>\n\t\t\t<span class=\"qtmplayer-art\">RNA<\/span>\n\t\t<\/p>\n\t<\/li>\n\t\t<\/ul>\n\t<\/div>\t\t\t\n\t\n","protected":false},"excerpt":{"rendered":"<p>Est\u00e3o dispon\u00edveis na primeira fase setecentas e cinquenta e uma habita\u00e7\u00f5es na centralidade da Halavala, no Huambo. As inscri\u00e7\u00f5es arrancam na segunda-feira da pr\u00f3xima semana. Seiscentas e uma casas v\u00e3o ser destinadas aos jovens. Clique, no \u00e1udio abaixo, e ou\u00e7a o desenvolvimento desta mat\u00e9ria na reportagem da Ivone de Lourdes:<\/p>\n","protected":false},"author":8,"featured_media":70266,"comment_status":"closed","ping_status":"closed","sticky":false,"template":"","format":"standard","meta":[],"categories":[142,121,163],"tags":[],"_links":{"self":[{"href":"https:\/\/rna.ao\/rna.ao\/wp-json\/wp\/v2\/posts\/97199"}],"collection":[{"href":"https:\/\/rna.ao\/rna.ao\/wp-json\/wp\/v2\/posts"}],"about":[{"href":"https:\/\/rna.ao\/rna.ao\/wp-json\/wp\/v2\/types\/post"}],"author":[{"embeddable":true,"href":"https:\/\/rna.ao\/rna.ao\/wp-json\/wp\/v2\/users\/8"}],"replies":[{"embeddable":true,"href":"https:\/\/rna.ao\/rna.ao\/wp-json\/wp\/v2\/comments?post=97199"}],"version-history":[{"count":1,"href":"https:\/\/rna.ao\/rna.ao\/wp-json\/wp\/v2\/posts\/97199\/revisions"}],"predecessor-version":[{"id":97205,"href":"https:\/\/rna.ao\/rna.ao\/wp-json\/wp\/v2\/posts\/97199\/revisions\/97205"}],"wp:featuredmedia":[{"embeddable":true,"href":"https:\/\/rna.ao\/rna.ao\/wp-json\/wp\/v2\/media\/70266"}],"wp:attachment":[{"href":"https:\/\/rna.ao\/rna.ao\/wp-json\/wp\/v2\/media?parent=97199"}],"wp:term":[{"taxonomy":"category","embeddable":true,"href":"https:\/\/rna.ao\/rna.ao\/wp-json\/wp\/v2\/categories?post=97199"},{"taxonomy":"post_tag","embeddable":true,"href":"https:\/\/rna.ao\/rna.ao\/wp-json\/wp\/v2\/tags?post=97199"}],"curies":[{"name":"wp","href":"https:\/\/api.w.org\/{rel}","templated":true}]}}