{"id":97180,"date":"2023-03-23T08:21:51","date_gmt":"2023-03-23T07:21:51","guid":{"rendered":"https:\/\/rna.ao\/rna.ao\/?p=97180"},"modified":"2023-03-23T08:21:51","modified_gmt":"2023-03-23T07:21:51","slug":"brigadas-de-seguranca-escolar-da-policia-nacional-voltam-as-instituicoes-de-ensino-para-garantir-seguranca-a-classe-estudantil","status":"publish","type":"post","link":"https:\/\/rna.ao\/rna.ao\/2023\/03\/23\/brigadas-de-seguranca-escolar-da-policia-nacional-voltam-as-instituicoes-de-ensino-para-garantir-seguranca-a-classe-estudantil\/","title":{"rendered":"Brigadas de Seguran\u00e7a Escolar da Pol\u00edcia Nacional voltam \u00e0s institui\u00e7\u00f5es de ensino para garantir seguran\u00e7a a classe estudantil"},"content":{"rendered":"<p><img loading=\"lazy\" class=\"size-full wp-image-97182 alignleft\" src=\"https:\/\/rna.ao\/rna.ao\/wp-content\/uploads\/2023\/03\/brigada.jpg\" alt=\"\" width=\"405\" height=\"218\" \/>As brigadas de seguran\u00e7a escolares v\u00e3o voltar para garantir ordem e sentimento de seguran\u00e7a no ambiente escolar. A medida da Pol\u00edcia Nacional surge na sequ\u00eancia da onda de\u00a0 viol\u00eancia em algumas institui\u00e7\u00f5es escolares. Clique, no \u00e1udio abaixo, e ou\u00e7a o desenvolvimento desta mat\u00e9ria na reportagem do Fernando Rufino:<\/p>\n\t<div class=\"qtmplayer-playlist-large\">\n\t\t<ul class=\"qtmplayer-playlist\">\n\t\t\t\n\t\t\t\t\t<li class=\"qtmplayer-trackitem\">\n\t\t<img src=\"https:\/\/rna.ao\/rna.ao\/wp-content\/uploads\/2023\/03\/brigada-escolares-100x100.jpg\" alt=\"cover\">\t\t<span \t\t\tdata-qtmplayer-cover=\"https:\/\/rna.ao\/rna.ao\/wp-content\/uploads\/2023\/03\/brigada-escolares.jpg\"\n\t\t\t\t\t\tdata-qtmplayer-file=\"https:\/\/rna.ao\/rna.ao\/wp-content\/uploads\/2023\/03\/FERNANDO-RUFINO-20H.mp3\"\n\t\t\t\t\t\tdata-qtmplayer-title=\"Brigadas de Seguran\u00e7a Escolar da Pol\u00edcia Nacional voltam \u00e0s institui\u00e7\u00f5es de ensino para garantir seguran\u00e7a a classe estudantil\"\n\t\t\t\t\t\tdata-qtmplayer-artist=\"RNA\"\n\t\t\t\t\t\tdata-qtmplayer-link=\"https:\/\/rna.ao\/rna.ao\/2023\/03\/23\/brigadas-de-seguranca-escolar-da-policia-nacional-voltam-as-instituicoes-de-ensino-para-garantir-seguranca-a-classe-estudantil\/\"\n\t\t\t\t\t\tdata-qtmplayer-icon=\"file_download\"\n\t\t\t\t\t\tdata-qtmplayer-type=\"track\"\n\t\t\t class=\"qtmplayer-play qtmplayer-link-sec qtmplayer-play-btn\"><i class='material-icons'>play_arrow<\/i><\/span>\n\t\t<p>\n\t\t\t<span class=\"qtmplayer-tit\">Brigadas de Seguran\u00e7a Escolar da Pol\u00edcia Nacional voltam \u00e0s institui\u00e7\u00f5es de ensino para garantir seguran\u00e7a a classe estudantil<\/span>\n\t\t\t<span class=\"qtmplayer-art\">RNA<\/span>\n\t\t<\/p>\n\t<\/li>\n\t\t<\/ul>\n\t<\/div>\t\t\t\n\t\n","protected":false},"excerpt":{"rendered":"<p>As brigadas de seguran\u00e7a escolares v\u00e3o voltar para garantir ordem e sentimento de seguran\u00e7a no ambiente escolar. A medida da Pol\u00edcia Nacional surge na sequ\u00eancia da onda de\u00a0 viol\u00eancia em algumas institui\u00e7\u00f5es escolares. Clique, no \u00e1udio abaixo, e ou\u00e7a o desenvolvimento desta mat\u00e9ria na reportagem do Fernando Rufino:<\/p>\n","protected":false},"author":8,"featured_media":97183,"comment_status":"closed","ping_status":"closed","sticky":false,"template":"","format":"standard","meta":[],"categories":[164,163],"tags":[],"_links":{"self":[{"href":"https:\/\/rna.ao\/rna.ao\/wp-json\/wp\/v2\/posts\/97180"}],"collection":[{"href":"https:\/\/rna.ao\/rna.ao\/wp-json\/wp\/v2\/posts"}],"about":[{"href":"https:\/\/rna.ao\/rna.ao\/wp-json\/wp\/v2\/types\/post"}],"author":[{"embeddable":true,"href":"https:\/\/rna.ao\/rna.ao\/wp-json\/wp\/v2\/users\/8"}],"replies":[{"embeddable":true,"href":"https:\/\/rna.ao\/rna.ao\/wp-json\/wp\/v2\/comments?post=97180"}],"version-history":[{"count":1,"href":"https:\/\/rna.ao\/rna.ao\/wp-json\/wp\/v2\/posts\/97180\/revisions"}],"predecessor-version":[{"id":97184,"href":"https:\/\/rna.ao\/rna.ao\/wp-json\/wp\/v2\/posts\/97180\/revisions\/97184"}],"wp:featuredmedia":[{"embeddable":true,"href":"https:\/\/rna.ao\/rna.ao\/wp-json\/wp\/v2\/media\/97183"}],"wp:attachment":[{"href":"https:\/\/rna.ao\/rna.ao\/wp-json\/wp\/v2\/media?parent=97180"}],"wp:term":[{"taxonomy":"category","embeddable":true,"href":"https:\/\/rna.ao\/rna.ao\/wp-json\/wp\/v2\/categories?post=97180"},{"taxonomy":"post_tag","embeddable":true,"href":"https:\/\/rna.ao\/rna.ao\/wp-json\/wp\/v2\/tags?post=97180"}],"curies":[{"name":"wp","href":"https:\/\/api.w.org\/{rel}","templated":true}]}}