{"id":9718,"date":"2020-10-27T07:01:52","date_gmt":"2020-10-27T06:01:52","guid":{"rendered":"https:\/\/rna.ao\/rna.ao\/?p=9718"},"modified":"2020-10-27T07:04:38","modified_gmt":"2020-10-27T06:04:38","slug":"minsa-esclarece-maus-entendidos-sobre-a-verba-disponibilizada-a-ordem-dos-medicos","status":"publish","type":"post","link":"https:\/\/rna.ao\/rna.ao\/2020\/10\/27\/minsa-esclarece-maus-entendidos-sobre-a-verba-disponibilizada-a-ordem-dos-medicos\/","title":{"rendered":"MINSA esclarece maus entendidos sobre a verba disponibilizada \u00e0 Ordem dos M\u00e9dicos"},"content":{"rendered":"<p><img loading=\"lazy\" class=\"wp-image-9720 alignleft\" src=\"https:\/\/rna.ao\/rna.ao\/wp-content\/uploads\/2020\/10\/Silvia-Lutucuta-30.jpg\" alt=\"\" width=\"339\" height=\"226\" \/><\/p>\n<p>O Minist\u00e9rio da Sa\u00fade (MINSA) fez sair uma nota na segunda-feira, 26 de Outubro, que distribuiu aos \u00f3rg\u00e3os de imprensa.<\/p>\n<p>Na nota, que a RNA teve acesso, o Minist\u00e9rio da Sa\u00fade esclarece a disponibiliza\u00e7\u00e3o de verba feita \u00e0 Ordem dos M\u00e9dicos de Angola, que foi mencionada, recentemente, pela baston\u00e1ria Elisa Gaspar em confer\u00eancia de imprensa, que causou maus entendidos no seio da sociedade. Clique no \u00e1udio, em baixo, e ou\u00e7a na \u00edntegra a nota do Minist\u00e9rio da Sa\u00fade:<\/p>\n\t<div class=\"qtmplayer-playlist-large\">\n\t\t<ul class=\"qtmplayer-playlist\">\n\t\t\t\n\t\t\t\t\t<li class=\"qtmplayer-trackitem\">\n\t\t<img src=\"https:\/\/rna.ao\/rna.ao\/wp-content\/uploads\/2020\/10\/Silvia-Lutucuta-2-100x100.jpg\" alt=\"cover\">\t\t<span \t\t\tdata-qtmplayer-cover=\"https:\/\/rna.ao\/rna.ao\/wp-content\/uploads\/2020\/10\/Silvia-Lutucuta-2.jpg\"\n\t\t\t\t\t\tdata-qtmplayer-file=\"https:\/\/rna.ao\/rna.ao\/wp-content\/uploads\/2020\/10\/NOTA-DO-MINSA.mp3\"\n\t\t\t\t\t\tdata-qtmplayer-title=\"MINSA esclarece maus entendidos sobre a verba disponibilizada \u00e0 Ordem dos M\u00e9dicos\"\n\t\t\t\t\t\tdata-qtmplayer-artist=\"RNA\"\n\t\t\t\t\t\tdata-qtmplayer-link=\"https:\/\/rna.ao\/rna.ao\/2020\/10\/27\/minsa-esclarece-maus-entendidos-sobre-a-verba-disponibilizada-a-ordem-dos-medicos\/\"\n\t\t\t\t\t\tdata-qtmplayer-icon=\"file_download\"\n\t\t\t\t\t\tdata-qtmplayer-type=\"track\"\n\t\t\t class=\"qtmplayer-play qtmplayer-link-sec qtmplayer-play-btn\"><i class='material-icons'>play_arrow<\/i><\/span>\n\t\t<p>\n\t\t\t<span class=\"qtmplayer-tit\">MINSA esclarece maus entendidos sobre a verba disponibilizada \u00e0 Ordem dos M\u00e9dicos<\/span>\n\t\t\t<span class=\"qtmplayer-art\">RNA<\/span>\n\t\t<\/p>\n\t<\/li>\n\t\t<\/ul>\n\t<\/div>\t\t\t\n\t\n<p>Fonte: RNA<\/p>\n","protected":false},"excerpt":{"rendered":"<p>O Minist\u00e9rio da Sa\u00fade (MINSA) fez sair uma nota na segunda-feira, 26 de Outubro, que distribuiu aos \u00f3rg\u00e3os de imprensa. Na nota, que a RNA teve acesso, o Minist\u00e9rio da Sa\u00fade esclarece a disponibiliza\u00e7\u00e3o de verba feita \u00e0 Ordem dos M\u00e9dicos de Angola, que foi mencionada, recentemente, pela baston\u00e1ria Elisa ...<\/p>\n","protected":false},"author":8,"featured_media":9722,"comment_status":"closed","ping_status":"closed","sticky":false,"template":"","format":"standard","meta":[],"categories":[142,121,164,163],"tags":[],"_links":{"self":[{"href":"https:\/\/rna.ao\/rna.ao\/wp-json\/wp\/v2\/posts\/9718"}],"collection":[{"href":"https:\/\/rna.ao\/rna.ao\/wp-json\/wp\/v2\/posts"}],"about":[{"href":"https:\/\/rna.ao\/rna.ao\/wp-json\/wp\/v2\/types\/post"}],"author":[{"embeddable":true,"href":"https:\/\/rna.ao\/rna.ao\/wp-json\/wp\/v2\/users\/8"}],"replies":[{"embeddable":true,"href":"https:\/\/rna.ao\/rna.ao\/wp-json\/wp\/v2\/comments?post=9718"}],"version-history":[{"count":1,"href":"https:\/\/rna.ao\/rna.ao\/wp-json\/wp\/v2\/posts\/9718\/revisions"}],"predecessor-version":[{"id":9721,"href":"https:\/\/rna.ao\/rna.ao\/wp-json\/wp\/v2\/posts\/9718\/revisions\/9721"}],"wp:featuredmedia":[{"embeddable":true,"href":"https:\/\/rna.ao\/rna.ao\/wp-json\/wp\/v2\/media\/9722"}],"wp:attachment":[{"href":"https:\/\/rna.ao\/rna.ao\/wp-json\/wp\/v2\/media?parent=9718"}],"wp:term":[{"taxonomy":"category","embeddable":true,"href":"https:\/\/rna.ao\/rna.ao\/wp-json\/wp\/v2\/categories?post=9718"},{"taxonomy":"post_tag","embeddable":true,"href":"https:\/\/rna.ao\/rna.ao\/wp-json\/wp\/v2\/tags?post=9718"}],"curies":[{"name":"wp","href":"https:\/\/api.w.org\/{rel}","templated":true}]}}