{"id":97149,"date":"2023-03-23T07:36:00","date_gmt":"2023-03-23T06:36:00","guid":{"rendered":"https:\/\/rna.ao\/rna.ao\/?p=97149"},"modified":"2023-03-23T08:14:52","modified_gmt":"2023-03-23T07:14:52","slug":"governo-e-sindicato-dos-enfermeiros-abordam-pagamento-de-subsidios-da-covid-19-promocao-e-actualizacao-das-categorias","status":"publish","type":"post","link":"https:\/\/rna.ao\/rna.ao\/2023\/03\/23\/governo-e-sindicato-dos-enfermeiros-abordam-pagamento-de-subsidios-da-covid-19-promocao-e-actualizacao-das-categorias\/","title":{"rendered":"Governo e sindicato dos enfermeiros abordam pagamento de subs\u00eddios da covid-19, promo\u00e7\u00e3o e actualiza\u00e7\u00e3o das categorias"},"content":{"rendered":"<p><img loading=\"lazy\" class=\"size-full wp-image-89929 alignleft\" src=\"https:\/\/rna.ao\/rna.ao\/wp-content\/uploads\/2023\/01\/Silvia-Lutukuta-1.jpg\" alt=\"\" width=\"310\" height=\"218\" \/>O Minist\u00e9rio da Sa\u00fade criou uma equipa multidisciplinar para dar solu\u00e7\u00e3o ao processo de pagamento dos subs\u00eddios da covid-19 aos enfermeiros engajados na altura para o combate a pandemia no nosso pa\u00eds. Esta foi uma das resolu\u00e7\u00f5es sa\u00eddas da terceira ronda negocial entre o Sindicato Nacional dos Enfermeiros e o Minist\u00e9rio da Sa\u00fade. Clique, no \u00e1udio abaixo, e ou\u00e7a o desenvolvimento desta mat\u00e9ria na reportagem do Estev\u00e3o Borges:<\/p>\n\t<div class=\"qtmplayer-playlist-large\">\n\t\t<ul class=\"qtmplayer-playlist\">\n\t\t\t\n\t\t\t\t\t<li class=\"qtmplayer-trackitem\">\n\t\t<img src=\"https:\/\/rna.ao\/rna.ao\/wp-content\/uploads\/2023\/03\/1_360715535613e4c41cb1c6-100x100.jpg\" alt=\"cover\">\t\t<span \t\t\tdata-qtmplayer-cover=\"https:\/\/rna.ao\/rna.ao\/wp-content\/uploads\/2023\/03\/1_360715535613e4c41cb1c6.jpg\"\n\t\t\t\t\t\tdata-qtmplayer-file=\"https:\/\/rna.ao\/rna.ao\/wp-content\/uploads\/2023\/03\/ESTEVAO-BORGES-20-HRS.mp3\"\n\t\t\t\t\t\tdata-qtmplayer-title=\"Governo e sindicato dos enfermeiros abordam pagamento de subs\u00eddios da covid-19, promo\u00e7\u00e3o e actualiza\u00e7\u00e3o das categorias\"\n\t\t\t\t\t\tdata-qtmplayer-artist=\"RNA\"\n\t\t\t\t\t\tdata-qtmplayer-link=\"https:\/\/rna.ao\/rna.ao\/2023\/03\/23\/governo-e-sindicato-dos-enfermeiros-abordam-pagamento-de-subsidios-da-covid-19-promocao-e-actualizacao-das-categorias\/\"\n\t\t\t\t\t\tdata-qtmplayer-icon=\"file_download\"\n\t\t\t\t\t\tdata-qtmplayer-type=\"track\"\n\t\t\t class=\"qtmplayer-play qtmplayer-link-sec qtmplayer-play-btn\"><i class='material-icons'>play_arrow<\/i><\/span>\n\t\t<p>\n\t\t\t<span class=\"qtmplayer-tit\">Governo e sindicato dos enfermeiros abordam pagamento de subs\u00eddios da covid-19, promo\u00e7\u00e3o e actualiza\u00e7\u00e3o das categorias<\/span>\n\t\t\t<span class=\"qtmplayer-art\">RNA<\/span>\n\t\t<\/p>\n\t<\/li>\n\t\t<\/ul>\n\t<\/div>\t\t\t\n\t\n","protected":false},"excerpt":{"rendered":"<p>O Minist\u00e9rio da Sa\u00fade criou uma equipa multidisciplinar para dar solu\u00e7\u00e3o ao processo de pagamento dos subs\u00eddios da covid-19 aos enfermeiros engajados na altura para o combate a pandemia no nosso pa\u00eds. Esta foi uma das resolu\u00e7\u00f5es sa\u00eddas da terceira ronda negocial entre o Sindicato Nacional dos Enfermeiros e o ...<\/p>\n","protected":false},"author":8,"featured_media":97152,"comment_status":"closed","ping_status":"closed","sticky":false,"template":"","format":"standard","meta":[],"categories":[142,121,163],"tags":[],"_links":{"self":[{"href":"https:\/\/rna.ao\/rna.ao\/wp-json\/wp\/v2\/posts\/97149"}],"collection":[{"href":"https:\/\/rna.ao\/rna.ao\/wp-json\/wp\/v2\/posts"}],"about":[{"href":"https:\/\/rna.ao\/rna.ao\/wp-json\/wp\/v2\/types\/post"}],"author":[{"embeddable":true,"href":"https:\/\/rna.ao\/rna.ao\/wp-json\/wp\/v2\/users\/8"}],"replies":[{"embeddable":true,"href":"https:\/\/rna.ao\/rna.ao\/wp-json\/wp\/v2\/comments?post=97149"}],"version-history":[{"count":4,"href":"https:\/\/rna.ao\/rna.ao\/wp-json\/wp\/v2\/posts\/97149\/revisions"}],"predecessor-version":[{"id":97179,"href":"https:\/\/rna.ao\/rna.ao\/wp-json\/wp\/v2\/posts\/97149\/revisions\/97179"}],"wp:featuredmedia":[{"embeddable":true,"href":"https:\/\/rna.ao\/rna.ao\/wp-json\/wp\/v2\/media\/97152"}],"wp:attachment":[{"href":"https:\/\/rna.ao\/rna.ao\/wp-json\/wp\/v2\/media?parent=97149"}],"wp:term":[{"taxonomy":"category","embeddable":true,"href":"https:\/\/rna.ao\/rna.ao\/wp-json\/wp\/v2\/categories?post=97149"},{"taxonomy":"post_tag","embeddable":true,"href":"https:\/\/rna.ao\/rna.ao\/wp-json\/wp\/v2\/tags?post=97149"}],"curies":[{"name":"wp","href":"https:\/\/api.w.org\/{rel}","templated":true}]}}